{"id":2691,"date":"2020-08-26T19:36:21","date_gmt":"2020-08-26T22:36:21","guid":{"rendered":"http:\/\/cdlsurubim.com.br\/site\/?p=2691"},"modified":"2020-08-26T19:36:35","modified_gmt":"2020-08-26T22:36:35","slug":"semana-brasil-movimenta-comercio-e-varejo-pela-retomada-da-economia","status":"publish","type":"post","link":"https:\/\/cdlsurubim.com.br\/site\/2020\/08\/semana-brasil-movimenta-comercio-e-varejo-pela-retomada-da-economia\/","title":{"rendered":"Semana Brasil movimenta com\u00e9rcio e varejo pela retomada da economia"},"content":{"rendered":"<p style=\"text-align: justify;\">Criada para aliar o esp\u00edrito patri\u00f3tico da semana de 7 de setembro com incentivos e descontos para pequenos, m\u00e9dios e grandes comerciantes, a Semana Brasil de 2020 ser\u00e1 realizada entre os dias 3 e 13 de setembro. Gigantes do com\u00e9rcio de diferentes setores, como alimenta\u00e7\u00e3o, eletr\u00f4nicos e eletrodom\u00e9sticos, computadores, m\u00f3veis, produtos de higiene e limpeza, cosm\u00e9ticos, nutri\u00e7\u00e3o e material esportivo j\u00e1 aderiram \u00e0 campanha que busca o aumento das vendas e a movimenta\u00e7\u00e3o da economia.<\/p>\n<p style=\"text-align: justify;\">O mote da campanha 2020 \u00e9 \u201cTodos juntos, com seguran\u00e7a, pela retomada e o emprego\u201d. Iniciativa da Secretaria Especial de Comunica\u00e7\u00e3o Social (Secom) do Minist\u00e9rio das Comunica\u00e7\u00f5es, a Semana Brasil \u00e9 coordenada pelo Instituto para Desenvolvimento do Varejo (IDV) e possui tr\u00eas pilares: <strong>colabora\u00e7\u00e3o, otimismo e oportunidade<\/strong>.<\/p>\n<p style=\"text-align: justify;\">\u201cA Semana em 2020 vai se tornar o ponto de partida de um novo tempo para o com\u00e9rcio, tempo de normaliza\u00e7\u00e3o da rela\u00e7\u00e3o econ\u00f4mica entre pessoas e empresas\u201d disse o secret\u00e1rio-executivo do Minist\u00e9rio das Comunica\u00e7\u00f5es, Fabio Wajngarten.<\/p>\n<p style=\"text-align: justify;\">Neste ano, ser\u00e1 dedicada aten\u00e7\u00e3o especial ao pequeno e m\u00e9dio comerciante, de acordo com secret\u00e1rio-executivo. \u201cVamos trazer o pequeno e o m\u00e9dio comerciante, o lojista de bairro\u201d, explicou. Esses comerciantes j\u00e1 podem acessar todo o kit visual de promo\u00e7\u00e3o da Semana Brasil. \u201cA condi\u00e7\u00e3o fundamental \u00e9 de fato proporcionar benef\u00edcios reais aos consumidores\u201d, ressaltou.<\/p>\n<p style=\"text-align: justify;\">No site <a href=\"http:\/\/www.participesemanabrasil.com.br\">www.participesemanabrasil.com.br<\/a> est\u00e3o disponibilizadas mais de 12 op\u00e7\u00f5es de campanhas, com as artes oficias do projeto para download, al\u00e9m de vinhetas, op\u00e7\u00e3o de personaliza\u00e7\u00e3o com a marca da empresa interessada e temas promocionais.<\/p>\n<p style=\"text-align: justify;\">O presidente da CNDL, Jos\u00e9 C\u00e9sar da Costa, destaca a import\u00e2ncia do comprometimento do Sistema com a execu\u00e7\u00e3o do projeto. \u201cO Sistema CNDL, presente em todos os estados por meio das mais de 2 mil entidades e mais de um milh\u00e3o de pontos de vendas, estar\u00e1 de corpo e alma na Semana Brasil para que possamos estimular o consumo e as vendas de forma consciente e segura\u201d, diz.<\/p>\n<p style=\"text-align: justify;\">Segundo Fabio Wajngarten, a orienta\u00e7\u00e3o \u00e9 que sejam seguidos todos os protocolos de sa\u00fade e seguran\u00e7a devido \u00e0 pandemia do coronav\u00edrus. \u201cQuisemos fazer dez dias de Semana Brasil at\u00e9 para que n\u00e3o houvesse concentra\u00e7\u00e3o populacional nas lojas e nos shoppings, cumprindo todo o protocolo de seguran\u00e7a por conta da Covid-19\u201d, disse.<\/p>\n<p style=\"text-align: justify;\"><strong>Semana Brasil<\/strong><\/p>\n<p style=\"text-align: justify;\">Em 2019, a Semana Brasil foi realizada entre os dias 6 e 15 de setembro e contou com a participa\u00e7\u00e3o de mais de 14 mil empresas. Setores como o varejista, imobili\u00e1rio e de publicidade ofereceram descontos, promo\u00e7\u00f5es e benef\u00edcios reais aos consumidores.<\/p>\n<p style=\"text-align: justify;\">Segundo a Ebit\/Nielsen, as vendas online cresceram 41% durante nos dias da campanha em compara\u00e7\u00e3o ao mesmo per\u00edodo de 2018. As vendas no varejo registraram crescimento nominal de 11,3% no mesmo per\u00edodo, segundo levantamento da Cielo. Para esse ano, a expectativa do governo \u00e9 de que o evento traga resultados ainda melhores para a economia. \u201cA expectativa do setor de servi\u00e7os, com\u00e9rcio e varejo, higiene e beleza, restaurantes, entretenimento, \u00e9 excelente. Est\u00e1 todo mundo muito animado\u201d, disse Wajngarten.<\/p>\n<p style=\"text-align: justify;\">Os segmentos que mais se destacaram em 2019 e puxaram o crescimento das vendas foram os de cosm\u00e9ticos (+19,8%), m\u00f3veis, eletroport\u00e1teis e lojas de departamento (+12,6%), turismo e transporte (+6,6%), vestu\u00e1rio e artigos esportivos (+6,1%) e supermercados e hipermercados (+4,5%).<\/p>\n<p style=\"text-align: justify;\">Da CNDL<\/p>\n","protected":false},"excerpt":{"rendered":"<p>Criada para aliar o esp\u00edrito patri\u00f3tico da semana de 7 de setembro com incentivos e descontos para pequenos, m\u00e9dios e grandes comerciantes, a Semana Brasil de 2020 ser\u00e1 realizada entre os dias 3 e 13 de setembro. Gigantes do com\u00e9rcio de diferentes setores, como alimenta\u00e7\u00e3o, eletr\u00f4nicos e [&hellip;]<\/p>\n","protected":false},"author":2,"featured_media":2692,"comment_status":"closed","ping_status":"open","sticky":false,"template":"","format":"standard","meta":{"footnotes":""},"categories":[4],"tags":[],"class_list":["post-2691","post","type-post","status-publish","format-standard","has-post-thumbnail","hentry","category-noticias"],"_links":{"self":[{"href":"https:\/\/cdlsurubim.com.br\/site\/wp-json\/wp\/v2\/posts\/2691","targetHints":{"allow":["GET"]}}],"collection":[{"href":"https:\/\/cdlsurubim.com.br\/site\/wp-json\/wp\/v2\/posts"}],"about":[{"href":"https:\/\/cdlsurubim.com.br\/site\/wp-json\/wp\/v2\/types\/post"}],"author":[{"embeddable":true,"href":"https:\/\/cdlsurubim.com.br\/site\/wp-json\/wp\/v2\/users\/2"}],"replies":[{"embeddable":true,"href":"https:\/\/cdlsurubim.com.br\/site\/wp-json\/wp\/v2\/comments?post=2691"}],"version-history":[{"count":1,"href":"https:\/\/cdlsurubim.com.br\/site\/wp-json\/wp\/v2\/posts\/2691\/revisions"}],"predecessor-version":[{"id":2693,"href":"https:\/\/cdlsurubim.com.br\/site\/wp-json\/wp\/v2\/posts\/2691\/revisions\/2693"}],"wp:featuredmedia":[{"embeddable":true,"href":"https:\/\/cdlsurubim.com.br\/site\/wp-json\/wp\/v2\/media\/2692"}],"wp:attachment":[{"href":"https:\/\/cdlsurubim.com.br\/site\/wp-json\/wp\/v2\/media?parent=2691"}],"wp:term":[{"taxonomy":"category","embeddable":true,"href":"https:\/\/cdlsurubim.com.br\/site\/wp-json\/wp\/v2\/categories?post=2691"},{"taxonomy":"post_tag","embeddable":true,"href":"https:\/\/cdlsurubim.com.br\/site\/wp-json\/wp\/v2\/tags?post=2691"}],"curies":[{"name":"wp","href":"https:\/\/api.w.org\/{rel}","templated":true}]}}