{"id":2687,"date":"2020-08-14T09:04:40","date_gmt":"2020-08-14T12:04:40","guid":{"rendered":"http:\/\/cdlsurubim.com.br\/site\/?p=2687"},"modified":"2020-08-14T09:06:04","modified_gmt":"2020-08-14T12:06:04","slug":"nota-de-esclarecimento-sobre-campanha-nacional-de-vacinacao-triplice-viral-no-centro-comercial-de-surubim","status":"publish","type":"post","link":"https:\/\/cdlsurubim.com.br\/site\/2020\/08\/nota-de-esclarecimento-sobre-campanha-nacional-de-vacinacao-triplice-viral-no-centro-comercial-de-surubim\/","title":{"rendered":"Nota de Esclarecimento sobre Campanha Nacional de Vacina\u00e7\u00e3o Tr\u00edplice Viral no centro comercial de Surubim"},"content":{"rendered":"<p style=\"text-align: justify;\">A C\u00e2mara de Dirigentes Lojistas de Surubim, informa que referente a Campanha Nacional de Vacina\u00e7\u00e3o Tr\u00edplice Viral (Sarampo + Caxumba + Rub\u00e9ola) realizada nesta quinta-feira (13), por parte da Secretaria de Sa\u00fade de Surubim, n\u00e3o foi poss\u00edvel visitar todas as empresas do centro comercial, em especial as lojas associadas \u00e0 nossa CDL. Em comum acordo, ficou acertado que na pr\u00f3xima quinta-feira (20), os Agentes de sa\u00fade voltar\u00e3o aos estabelecimentos comerciais para vacina\u00e7\u00e3o dos colaboradores durante hor\u00e1rio comercial. Para receber a vacina\u00e7\u00e3o \u00e9 necess\u00e1rio portar Carteira de Vacina\u00e7\u00e3o, Cart\u00e3o do SUS ou CPF.<\/p>\n","protected":false},"excerpt":{"rendered":"<p>A C\u00e2mara de Dirigentes Lojistas de Surubim, informa que referente a Campanha Nacional de Vacina\u00e7\u00e3o Tr\u00edplice Viral (Sarampo + Caxumba + Rub\u00e9ola) realizada nesta quinta-feira (13), por parte da Secretaria de Sa\u00fade de Surubim, n\u00e3o foi poss\u00edvel visitar todas as empresas do centro comercial, em especial as [&hellip;]<\/p>\n","protected":false},"author":2,"featured_media":2688,"comment_status":"closed","ping_status":"open","sticky":false,"template":"","format":"standard","meta":{"footnotes":""},"categories":[4],"tags":[],"class_list":["post-2687","post","type-post","status-publish","format-standard","has-post-thumbnail","hentry","category-noticias"],"_links":{"self":[{"href":"https:\/\/cdlsurubim.com.br\/site\/wp-json\/wp\/v2\/posts\/2687","targetHints":{"allow":["GET"]}}],"collection":[{"href":"https:\/\/cdlsurubim.com.br\/site\/wp-json\/wp\/v2\/posts"}],"about":[{"href":"https:\/\/cdlsurubim.com.br\/site\/wp-json\/wp\/v2\/types\/post"}],"author":[{"embeddable":true,"href":"https:\/\/cdlsurubim.com.br\/site\/wp-json\/wp\/v2\/users\/2"}],"replies":[{"embeddable":true,"href":"https:\/\/cdlsurubim.com.br\/site\/wp-json\/wp\/v2\/comments?post=2687"}],"version-history":[{"count":1,"href":"https:\/\/cdlsurubim.com.br\/site\/wp-json\/wp\/v2\/posts\/2687\/revisions"}],"predecessor-version":[{"id":2689,"href":"https:\/\/cdlsurubim.com.br\/site\/wp-json\/wp\/v2\/posts\/2687\/revisions\/2689"}],"wp:featuredmedia":[{"embeddable":true,"href":"https:\/\/cdlsurubim.com.br\/site\/wp-json\/wp\/v2\/media\/2688"}],"wp:attachment":[{"href":"https:\/\/cdlsurubim.com.br\/site\/wp-json\/wp\/v2\/media?parent=2687"}],"wp:term":[{"taxonomy":"category","embeddable":true,"href":"https:\/\/cdlsurubim.com.br\/site\/wp-json\/wp\/v2\/categories?post=2687"},{"taxonomy":"post_tag","embeddable":true,"href":"https:\/\/cdlsurubim.com.br\/site\/wp-json\/wp\/v2\/tags?post=2687"}],"curies":[{"name":"wp","href":"https:\/\/api.w.org\/{rel}","templated":true}]}}