{"id":2673,"date":"2020-08-06T09:59:35","date_gmt":"2020-08-06T12:59:35","guid":{"rendered":"http:\/\/cdlsurubim.com.br\/site\/?p=2673"},"modified":"2020-08-06T10:13:33","modified_gmt":"2020-08-06T13:13:33","slug":"cdl-parabeniza-oab-surubim-pelos-30-anos-de-fundacao","status":"publish","type":"post","link":"https:\/\/cdlsurubim.com.br\/site\/2020\/08\/cdl-parabeniza-oab-surubim-pelos-30-anos-de-fundacao\/","title":{"rendered":"CDL parabeniza OAB Surubim pelos 30 anos de funda\u00e7\u00e3o"},"content":{"rendered":"<p style=\"text-align: justify;\"><del><\/del>Nesta quinta-feira (06), a Ordem dos Advogados do Brasil Subse\u00e7\u00e3o de Surubim, comemora seu 30\u00b0 anivers\u00e1rio de funda\u00e7\u00e3o. A C\u00e2mara de Dirigentes Lojistas de Surubim, em nome de sua presidente Roberta Aguiar, parabeniza a OAB Surubim pelos 30 anos de presta\u00e7\u00e3o de servi\u00e7os aos surubinenses e regi\u00e3o. Para aqueles que defendem a liberdade e acreditam na igualdade entre as pessoas&#8230; Parab\u00e9ns!<\/p>\n","protected":false},"excerpt":{"rendered":"<p>Nesta quinta-feira (06), a Ordem dos Advogados do Brasil Subse\u00e7\u00e3o de Surubim, comemora seu 30\u00b0 anivers\u00e1rio de funda\u00e7\u00e3o. A C\u00e2mara de Dirigentes Lojistas de Surubim, em nome de sua presidente Roberta Aguiar, parabeniza a OAB Surubim pelos 30 anos de presta\u00e7\u00e3o de servi\u00e7os aos surubinenses e regi\u00e3o. [&hellip;]<\/p>\n","protected":false},"author":2,"featured_media":2674,"comment_status":"closed","ping_status":"open","sticky":false,"template":"","format":"standard","meta":{"footnotes":""},"categories":[4],"tags":[],"class_list":["post-2673","post","type-post","status-publish","format-standard","has-post-thumbnail","hentry","category-noticias"],"_links":{"self":[{"href":"https:\/\/cdlsurubim.com.br\/site\/wp-json\/wp\/v2\/posts\/2673","targetHints":{"allow":["GET"]}}],"collection":[{"href":"https:\/\/cdlsurubim.com.br\/site\/wp-json\/wp\/v2\/posts"}],"about":[{"href":"https:\/\/cdlsurubim.com.br\/site\/wp-json\/wp\/v2\/types\/post"}],"author":[{"embeddable":true,"href":"https:\/\/cdlsurubim.com.br\/site\/wp-json\/wp\/v2\/users\/2"}],"replies":[{"embeddable":true,"href":"https:\/\/cdlsurubim.com.br\/site\/wp-json\/wp\/v2\/comments?post=2673"}],"version-history":[{"count":1,"href":"https:\/\/cdlsurubim.com.br\/site\/wp-json\/wp\/v2\/posts\/2673\/revisions"}],"predecessor-version":[{"id":2675,"href":"https:\/\/cdlsurubim.com.br\/site\/wp-json\/wp\/v2\/posts\/2673\/revisions\/2675"}],"wp:featuredmedia":[{"embeddable":true,"href":"https:\/\/cdlsurubim.com.br\/site\/wp-json\/wp\/v2\/media\/2674"}],"wp:attachment":[{"href":"https:\/\/cdlsurubim.com.br\/site\/wp-json\/wp\/v2\/media?parent=2673"}],"wp:term":[{"taxonomy":"category","embeddable":true,"href":"https:\/\/cdlsurubim.com.br\/site\/wp-json\/wp\/v2\/categories?post=2673"},{"taxonomy":"post_tag","embeddable":true,"href":"https:\/\/cdlsurubim.com.br\/site\/wp-json\/wp\/v2\/tags?post=2673"}],"curies":[{"name":"wp","href":"https:\/\/api.w.org\/{rel}","templated":true}]}}