{"id":2670,"date":"2020-08-06T09:02:12","date_gmt":"2020-08-06T12:02:12","guid":{"rendered":"http:\/\/cdlsurubim.com.br\/site\/?p=2670"},"modified":"2020-08-06T09:02:36","modified_gmt":"2020-08-06T12:02:36","slug":"diretores-da-cdl-se-reunem-para-avaliar-situacao-economica-de-surubim-e-assuntos-internos","status":"publish","type":"post","link":"https:\/\/cdlsurubim.com.br\/site\/2020\/08\/diretores-da-cdl-se-reunem-para-avaliar-situacao-economica-de-surubim-e-assuntos-internos\/","title":{"rendered":"Diretores da CDL se re\u00fanem para avaliar situa\u00e7\u00e3o econ\u00f4mica de Surubim e assuntos internos"},"content":{"rendered":"<p style=\"text-align: justify;\">Na noite desta quarta-feira (5), diretores da C\u00e2mara de Dirigentes Lojistas de Surubim se reuniram no audit\u00f3rio da entidade. O objetivo da reuni\u00e3o foi para avalia\u00e7\u00e3o do cen\u00e1rio econ\u00f4mico surubinense com a conviv\u00eancia do Covid-19, presta\u00e7\u00e3o de contas, entre outros assuntos internos da institui\u00e7\u00e3o. A reuni\u00e3o aconteceu sem aglomera\u00e7\u00f5es, seguindo as recomenda\u00e7\u00f5es estabelecidas nos decretos vigentes durante a pandemia.<\/p>\n<div id=\"attachment_2671\" style=\"width: 310px\" class=\"wp-caption aligncenter\"><a href=\"http:\/\/cdlsurubim.com.br\/site\/wp-content\/uploads\/2020\/08\/Diretores-da-CDL-Suuribm-se-re\u00fanem.jpg\" rel=\"attachment wp-att-2671\"><img loading=\"lazy\" decoding=\"async\" aria-describedby=\"caption-attachment-2671\" class=\"wp-image-2671 size-medium\" src=\"http:\/\/cdlsurubim.com.br\/site\/wp-content\/uploads\/2020\/08\/Diretores-da-CDL-Suuribm-se-re\u00fanem-300x225.jpg\" alt=\"Diretores da CDL Suuribm se re\u00fanem\" width=\"300\" height=\"225\" srcset=\"https:\/\/cdlsurubim.com.br\/site\/wp-content\/uploads\/2020\/08\/Diretores-da-CDL-Suuribm-se-re\u00fanem-300x225.jpg 300w, https:\/\/cdlsurubim.com.br\/site\/wp-content\/uploads\/2020\/08\/Diretores-da-CDL-Suuribm-se-re\u00fanem-768x576.jpg 768w, https:\/\/cdlsurubim.com.br\/site\/wp-content\/uploads\/2020\/08\/Diretores-da-CDL-Suuribm-se-re\u00fanem-1024x768.jpg 1024w, https:\/\/cdlsurubim.com.br\/site\/wp-content\/uploads\/2020\/08\/Diretores-da-CDL-Suuribm-se-re\u00fanem.jpg 1280w\" sizes=\"auto, (max-width: 300px) 100vw, 300px\" \/><\/a><p id=\"caption-attachment-2671\" class=\"wp-caption-text\">Daniel Sales, \u00c1lvaro Ricardo, Roberta Aguiar e Il\u00e1rio Pio (da esquerda para direita).<\/p><\/div>\n","protected":false},"excerpt":{"rendered":"<p>Na noite desta quarta-feira (5), diretores da C\u00e2mara de Dirigentes Lojistas de Surubim se reuniram no audit\u00f3rio da entidade. O objetivo da reuni\u00e3o foi para avalia\u00e7\u00e3o do cen\u00e1rio econ\u00f4mico surubinense com a conviv\u00eancia do Covid-19, presta\u00e7\u00e3o de contas, entre outros assuntos internos da institui\u00e7\u00e3o. A reuni\u00e3o aconteceu [&hellip;]<\/p>\n","protected":false},"author":2,"featured_media":2671,"comment_status":"closed","ping_status":"open","sticky":false,"template":"","format":"standard","meta":{"footnotes":""},"categories":[4],"tags":[],"class_list":["post-2670","post","type-post","status-publish","format-standard","has-post-thumbnail","hentry","category-noticias"],"_links":{"self":[{"href":"https:\/\/cdlsurubim.com.br\/site\/wp-json\/wp\/v2\/posts\/2670","targetHints":{"allow":["GET"]}}],"collection":[{"href":"https:\/\/cdlsurubim.com.br\/site\/wp-json\/wp\/v2\/posts"}],"about":[{"href":"https:\/\/cdlsurubim.com.br\/site\/wp-json\/wp\/v2\/types\/post"}],"author":[{"embeddable":true,"href":"https:\/\/cdlsurubim.com.br\/site\/wp-json\/wp\/v2\/users\/2"}],"replies":[{"embeddable":true,"href":"https:\/\/cdlsurubim.com.br\/site\/wp-json\/wp\/v2\/comments?post=2670"}],"version-history":[{"count":1,"href":"https:\/\/cdlsurubim.com.br\/site\/wp-json\/wp\/v2\/posts\/2670\/revisions"}],"predecessor-version":[{"id":2672,"href":"https:\/\/cdlsurubim.com.br\/site\/wp-json\/wp\/v2\/posts\/2670\/revisions\/2672"}],"wp:featuredmedia":[{"embeddable":true,"href":"https:\/\/cdlsurubim.com.br\/site\/wp-json\/wp\/v2\/media\/2671"}],"wp:attachment":[{"href":"https:\/\/cdlsurubim.com.br\/site\/wp-json\/wp\/v2\/media?parent=2670"}],"wp:term":[{"taxonomy":"category","embeddable":true,"href":"https:\/\/cdlsurubim.com.br\/site\/wp-json\/wp\/v2\/categories?post=2670"},{"taxonomy":"post_tag","embeddable":true,"href":"https:\/\/cdlsurubim.com.br\/site\/wp-json\/wp\/v2\/tags?post=2670"}],"curies":[{"name":"wp","href":"https:\/\/api.w.org\/{rel}","templated":true}]}}