{"id":2292,"date":"2019-06-23T15:10:30","date_gmt":"2019-06-23T18:10:30","guid":{"rendered":"http:\/\/cdlsurubim.com.br\/site\/?p=2292"},"modified":"2019-06-23T15:10:30","modified_gmt":"2019-06-23T18:10:30","slug":"comunicado-cdl-surubim-funcionamento-no-dia-de-sao-joao-2406","status":"publish","type":"post","link":"https:\/\/cdlsurubim.com.br\/site\/2019\/06\/comunicado-cdl-surubim-funcionamento-no-dia-de-sao-joao-2406\/","title":{"rendered":"Comunicado CDL Surubim: funcionamento no dia de S\u00e3o Jo\u00e3o (24\/06)"},"content":{"rendered":"<p style=\"text-align: justify;\"><i>\u201cA C\u00e2mara de Dirigentes Lojistas de Surubim\u00a0 comunica a todos os associados e comunidade em geral que, nesta segunda-feira (24), a entidade n\u00e3o ter\u00e1 expediente. A CDL ser\u00e1 fechada em decorr\u00eancia da transfer\u00eancia do feriado do dia 20\/06 (Corpus Christi), atrav\u00e9s do decreto n\u00ba 023\/2019 (<a href=\"http:\/\/www.negocioseinformes.com\/2019\/06\/mudanca-prefeitura-de-surubim-transfere-feriado-de-corpus-christi-para-dia-24-06.html\">Clique e confira<\/a>). Para que os lojistas possam abrir seu com\u00e9rcio nesta segunda-feira (24), os direitos trabalhistas devem ser pagos de acordo com a legisla\u00e7\u00e3o. Para solicitar autoriza\u00e7\u00e3o do funcionamento, o empres\u00e1rio precisa acionar o Sindicato dos Comerci\u00e1rios (SINDECOM). Informa ainda que retorna na ter\u00e7a-feira (25) com expediente normal, a partir das 08h.\u201d<\/i><\/p>\n","protected":false},"excerpt":{"rendered":"<p>\u201cA C\u00e2mara de Dirigentes Lojistas de Surubim\u00a0 comunica a todos os associados e comunidade em geral que, nesta segunda-feira (24), a entidade n\u00e3o ter\u00e1 expediente. A CDL ser\u00e1 fechada em decorr\u00eancia da transfer\u00eancia do feriado do dia 20\/06 (Corpus Christi), atrav\u00e9s do decreto n\u00ba 023\/2019 (Clique e [&hellip;]<\/p>\n","protected":false},"author":2,"featured_media":1892,"comment_status":"closed","ping_status":"open","sticky":false,"template":"","format":"standard","meta":{"footnotes":""},"categories":[4],"tags":[],"class_list":["post-2292","post","type-post","status-publish","format-standard","has-post-thumbnail","hentry","category-noticias"],"_links":{"self":[{"href":"https:\/\/cdlsurubim.com.br\/site\/wp-json\/wp\/v2\/posts\/2292","targetHints":{"allow":["GET"]}}],"collection":[{"href":"https:\/\/cdlsurubim.com.br\/site\/wp-json\/wp\/v2\/posts"}],"about":[{"href":"https:\/\/cdlsurubim.com.br\/site\/wp-json\/wp\/v2\/types\/post"}],"author":[{"embeddable":true,"href":"https:\/\/cdlsurubim.com.br\/site\/wp-json\/wp\/v2\/users\/2"}],"replies":[{"embeddable":true,"href":"https:\/\/cdlsurubim.com.br\/site\/wp-json\/wp\/v2\/comments?post=2292"}],"version-history":[{"count":1,"href":"https:\/\/cdlsurubim.com.br\/site\/wp-json\/wp\/v2\/posts\/2292\/revisions"}],"predecessor-version":[{"id":2293,"href":"https:\/\/cdlsurubim.com.br\/site\/wp-json\/wp\/v2\/posts\/2292\/revisions\/2293"}],"wp:featuredmedia":[{"embeddable":true,"href":"https:\/\/cdlsurubim.com.br\/site\/wp-json\/wp\/v2\/media\/1892"}],"wp:attachment":[{"href":"https:\/\/cdlsurubim.com.br\/site\/wp-json\/wp\/v2\/media?parent=2292"}],"wp:term":[{"taxonomy":"category","embeddable":true,"href":"https:\/\/cdlsurubim.com.br\/site\/wp-json\/wp\/v2\/categories?post=2292"},{"taxonomy":"post_tag","embeddable":true,"href":"https:\/\/cdlsurubim.com.br\/site\/wp-json\/wp\/v2\/tags?post=2292"}],"curies":[{"name":"wp","href":"https:\/\/api.w.org\/{rel}","templated":true}]}}