{"id":2288,"date":"2019-06-19T11:04:21","date_gmt":"2019-06-19T14:04:21","guid":{"rendered":"http:\/\/cdlsurubim.com.br\/site\/?p=2288"},"modified":"2019-06-19T11:13:54","modified_gmt":"2019-06-19T14:13:54","slug":"decreto-transfere-feriado-de-corpus-christi-para-24-de-junho-em-surubim","status":"publish","type":"post","link":"https:\/\/cdlsurubim.com.br\/site\/2019\/06\/decreto-transfere-feriado-de-corpus-christi-para-24-de-junho-em-surubim\/","title":{"rendered":"Decreto transfere feriado de Corpus Christi para 24 de junho em Surubim"},"content":{"rendered":"<p style=\"text-align: justify;\">Na manh\u00e3 desta quarta-feira (19), a C\u00e2mara de Dirigentes Lojistas de Surubim recebeu o decreto n\u00ba 023\/2019, onde a prefeitura municipal de Surubim transfere o feriado do dia 20\/06 (Corpus Christi) para o dia 24 de junho (S\u00e3o Jo\u00e3o).<\/p>\n<p style=\"text-align: justify;\">Quinta-feira (20\/06) &#8211; lojas abertas \/ Segunda-feira (24\/06) &#8211; lojas fechadas (abertura mediante autoriza\u00e7\u00e3o) .<\/p>\n<p style=\"text-align: justify;\">A CDL refor\u00e7a que a data de 24 de junho n\u00e3o consta na Lei n\u00ba 499\/2014, Lei que disp\u00f5e sobre os feriados municipais de Surubim. O decreto 023\/2019 foi assinado no dia 19 de junho.<\/p>\n<p style=\"text-align: justify;\">Portanto, dia 24\/06 as lojas que pretendem abrir, devem fazer o contato pr\u00e9vio com o Sindicato dos Comerci\u00e1rios solicitando autoriza\u00e7\u00e3o de funcionamento.<\/p>\n<p style=\"text-align: justify;\"><a href=\"http:\/\/cdlsurubim.com.br\/site\/wp-content\/uploads\/2019\/06\/DECRETO-023-2019-SURUBIM-FERIADO-MUNICIPAL.jpg\" rel=\"attachment wp-att-2289\"><img loading=\"lazy\" decoding=\"async\" class=\"aligncenter  wp-image-2289\" src=\"http:\/\/cdlsurubim.com.br\/site\/wp-content\/uploads\/2019\/06\/DECRETO-023-2019-SURUBIM-FERIADO-MUNICIPAL-232x300.jpg\" alt=\"DECRETO 023 2019 SURUBIM - FERIADO MUNICIPAL\" width=\"428\" height=\"553\" srcset=\"https:\/\/cdlsurubim.com.br\/site\/wp-content\/uploads\/2019\/06\/DECRETO-023-2019-SURUBIM-FERIADO-MUNICIPAL-232x300.jpg 232w, https:\/\/cdlsurubim.com.br\/site\/wp-content\/uploads\/2019\/06\/DECRETO-023-2019-SURUBIM-FERIADO-MUNICIPAL-768x994.jpg 768w, https:\/\/cdlsurubim.com.br\/site\/wp-content\/uploads\/2019\/06\/DECRETO-023-2019-SURUBIM-FERIADO-MUNICIPAL-791x1024.jpg 791w, https:\/\/cdlsurubim.com.br\/site\/wp-content\/uploads\/2019\/06\/DECRETO-023-2019-SURUBIM-FERIADO-MUNICIPAL.jpg 1700w\" sizes=\"auto, (max-width: 428px) 100vw, 428px\" \/><\/a><\/p>\n","protected":false},"excerpt":{"rendered":"<p>Na manh\u00e3 desta quarta-feira (19), a C\u00e2mara de Dirigentes Lojistas de Surubim recebeu o decreto n\u00ba 023\/2019, onde a prefeitura municipal de Surubim transfere o feriado do dia 20\/06 (Corpus Christi) para o dia 24 de junho (S\u00e3o Jo\u00e3o). Quinta-feira (20\/06) &#8211; lojas abertas \/ Segunda-feira (24\/06) [&hellip;]<\/p>\n","protected":false},"author":2,"featured_media":2289,"comment_status":"closed","ping_status":"open","sticky":false,"template":"","format":"standard","meta":{"footnotes":""},"categories":[4],"tags":[],"class_list":["post-2288","post","type-post","status-publish","format-standard","has-post-thumbnail","hentry","category-noticias"],"_links":{"self":[{"href":"https:\/\/cdlsurubim.com.br\/site\/wp-json\/wp\/v2\/posts\/2288","targetHints":{"allow":["GET"]}}],"collection":[{"href":"https:\/\/cdlsurubim.com.br\/site\/wp-json\/wp\/v2\/posts"}],"about":[{"href":"https:\/\/cdlsurubim.com.br\/site\/wp-json\/wp\/v2\/types\/post"}],"author":[{"embeddable":true,"href":"https:\/\/cdlsurubim.com.br\/site\/wp-json\/wp\/v2\/users\/2"}],"replies":[{"embeddable":true,"href":"https:\/\/cdlsurubim.com.br\/site\/wp-json\/wp\/v2\/comments?post=2288"}],"version-history":[{"count":2,"href":"https:\/\/cdlsurubim.com.br\/site\/wp-json\/wp\/v2\/posts\/2288\/revisions"}],"predecessor-version":[{"id":2291,"href":"https:\/\/cdlsurubim.com.br\/site\/wp-json\/wp\/v2\/posts\/2288\/revisions\/2291"}],"wp:featuredmedia":[{"embeddable":true,"href":"https:\/\/cdlsurubim.com.br\/site\/wp-json\/wp\/v2\/media\/2289"}],"wp:attachment":[{"href":"https:\/\/cdlsurubim.com.br\/site\/wp-json\/wp\/v2\/media?parent=2288"}],"wp:term":[{"taxonomy":"category","embeddable":true,"href":"https:\/\/cdlsurubim.com.br\/site\/wp-json\/wp\/v2\/categories?post=2288"},{"taxonomy":"post_tag","embeddable":true,"href":"https:\/\/cdlsurubim.com.br\/site\/wp-json\/wp\/v2\/tags?post=2288"}],"curies":[{"name":"wp","href":"https:\/\/api.w.org\/{rel}","templated":true}]}}