{"id":2280,"date":"2019-06-17T18:09:33","date_gmt":"2019-06-17T21:09:33","guid":{"rendered":"http:\/\/cdlsurubim.com.br\/site\/?p=2280"},"modified":"2019-06-17T18:09:33","modified_gmt":"2019-06-17T21:09:33","slug":"presidente-da-cdl-participa-da-inauguracao-da-sala-do-empreendedor-em-surubim","status":"publish","type":"post","link":"https:\/\/cdlsurubim.com.br\/site\/2019\/06\/presidente-da-cdl-participa-da-inauguracao-da-sala-do-empreendedor-em-surubim\/","title":{"rendered":"Presidente da CDL participa da inaugura\u00e7\u00e3o da Sala do Empreendedor em Surubim"},"content":{"rendered":"<p style=\"text-align: justify;\">Aconteceu na manh\u00e3 desta segunda-feira (17), a inaugura\u00e7\u00e3o da Sala do Empreendedor em Surubim. O espa\u00e7o fornecer\u00e1 atendimento exclusivo ao microempreendedor individual, com orienta\u00e7\u00f5es para a abertura de seu neg\u00f3cio, com aux\u00edlio no processo de desburocratiza\u00e7\u00e3o.<\/p>\n<p style=\"text-align: justify;\">A presidente da CDL Surubim, Roberta Aguiar, esteve presente no evento e destaca a import\u00e2ncia para o segmento comercial local, que agora, passa a contar com um espa\u00e7o exclusivo de apoio, em especial, os comerciantes que ainda encontram-se na informalidade.<\/p>\n<p style=\"text-align: justify;\">Saiba mais:<\/p>\n<p style=\"text-align: justify;\">A Sala ser\u00e1 um ponto de refer\u00eancia tanto para o empres\u00e1rio em geral quanto para o empreendedor individual. Dentre os servi\u00e7os que ser\u00e3o oferecidos est\u00e3o: atendimento do MEI, consultoria gratuita, seja financeira e administrativa, dicas de facilidades e vantagens, emiss\u00e3o de guias, parcerias com bancos e ag\u00eancias de fomento \u00e0s facilidades em cr\u00e9dito, altera\u00e7\u00e3o de dados cadastrais, formaliza\u00e7\u00e3o do MEI, baixa na inscri\u00e7\u00e3o do MEI, palestras e muito mais.<\/p>\n<p style=\"text-align: justify;\">O espa\u00e7o funciona de segunda a sexta, das 08h \u00e0s 13h, na Rua Jo\u00e3o Batista, 86, Centro, Surubim.<\/p>\n<h5 style=\"text-align: justify;\"><strong><em>Com informa\u00e7\u00f5es da ASCOM Surubim (Adaptado)<\/em><\/strong><\/h5>\n","protected":false},"excerpt":{"rendered":"<p>Aconteceu na manh\u00e3 desta segunda-feira (17), a inaugura\u00e7\u00e3o da Sala do Empreendedor em Surubim. O espa\u00e7o fornecer\u00e1 atendimento exclusivo ao microempreendedor individual, com orienta\u00e7\u00f5es para a abertura de seu neg\u00f3cio, com aux\u00edlio no processo de desburocratiza\u00e7\u00e3o. A presidente da CDL Surubim, Roberta Aguiar, esteve presente no evento [&hellip;]<\/p>\n","protected":false},"author":2,"featured_media":2282,"comment_status":"closed","ping_status":"open","sticky":false,"template":"","format":"standard","meta":{"footnotes":""},"categories":[4],"tags":[],"class_list":["post-2280","post","type-post","status-publish","format-standard","has-post-thumbnail","hentry","category-noticias"],"_links":{"self":[{"href":"https:\/\/cdlsurubim.com.br\/site\/wp-json\/wp\/v2\/posts\/2280","targetHints":{"allow":["GET"]}}],"collection":[{"href":"https:\/\/cdlsurubim.com.br\/site\/wp-json\/wp\/v2\/posts"}],"about":[{"href":"https:\/\/cdlsurubim.com.br\/site\/wp-json\/wp\/v2\/types\/post"}],"author":[{"embeddable":true,"href":"https:\/\/cdlsurubim.com.br\/site\/wp-json\/wp\/v2\/users\/2"}],"replies":[{"embeddable":true,"href":"https:\/\/cdlsurubim.com.br\/site\/wp-json\/wp\/v2\/comments?post=2280"}],"version-history":[{"count":1,"href":"https:\/\/cdlsurubim.com.br\/site\/wp-json\/wp\/v2\/posts\/2280\/revisions"}],"predecessor-version":[{"id":2283,"href":"https:\/\/cdlsurubim.com.br\/site\/wp-json\/wp\/v2\/posts\/2280\/revisions\/2283"}],"wp:featuredmedia":[{"embeddable":true,"href":"https:\/\/cdlsurubim.com.br\/site\/wp-json\/wp\/v2\/media\/2282"}],"wp:attachment":[{"href":"https:\/\/cdlsurubim.com.br\/site\/wp-json\/wp\/v2\/media?parent=2280"}],"wp:term":[{"taxonomy":"category","embeddable":true,"href":"https:\/\/cdlsurubim.com.br\/site\/wp-json\/wp\/v2\/categories?post=2280"},{"taxonomy":"post_tag","embeddable":true,"href":"https:\/\/cdlsurubim.com.br\/site\/wp-json\/wp\/v2\/tags?post=2280"}],"curies":[{"name":"wp","href":"https:\/\/api.w.org\/{rel}","templated":true}]}}