{"id":2256,"date":"2019-05-19T18:20:10","date_gmt":"2019-05-19T21:20:10","guid":{"rendered":"http:\/\/cdlsurubim.com.br\/site\/?p=2256"},"modified":"2019-05-19T18:20:10","modified_gmt":"2019-05-19T21:20:10","slug":"semana-do-mei-promove-oficinas-em-surubim","status":"publish","type":"post","link":"https:\/\/cdlsurubim.com.br\/site\/2019\/05\/semana-do-mei-promove-oficinas-em-surubim\/","title":{"rendered":"Semana do MEI promove oficinas em Surubim"},"content":{"rendered":"<div style=\"text-align: justify;\"><span style=\"color: #444444;\">O Sebrae promover\u00e1 em todo o pa\u00eds, de 20 a 24 de maio, a 10\u00aa edi\u00e7\u00e3o da Semana do MEI, com uma ampla programa\u00e7\u00e3o digital e presencial. S\u00e3o 2.500 eventos, entre oficinas, webin\u00e1rios, palestras, semin\u00e1rios e orienta\u00e7\u00f5es t\u00e9cnicas que t\u00eam como foco apoiar a gest\u00e3o dos MEI e orientar a formaliza\u00e7\u00e3o de empreendedores interessados em registrar CPNJ como Microempreendedor Individual.\u00a0<\/span><\/div>\n<div style=\"text-align: justify;\"><span style=\"color: #444444;\">\u00a0<\/span><\/div>\n<div style=\"text-align: justify;\"><span style=\"color: #444444;\">O objetivo \u00e9 oferecer, para os mais de 8,3 milh\u00f5es de MEI em opera\u00e7\u00e3o no pa\u00eds &#8211; segundo dados do Portal do Empreendedor at\u00e9 o final de abril \u2013 capacita\u00e7\u00e3o e orienta\u00e7\u00e3o com foco no sucesso do cliente, de maneira que possam ter melhores resultados em seus neg\u00f3cios.<\/span><\/div>\n<div style=\"text-align: justify;\"><span style=\"color: #444444;\">\u00a0<\/span><\/div>\n<div>\n<div style=\"text-align: justify;\"><strong><span style=\"color: #444444;\">A programa\u00e7\u00e3o \u00e9 gratuita, o evento ir\u00e1 acontecer no Audit\u00f3rio Professor Na\u00e9rcio Jos\u00e9 Pessoa (EREM Severino Farias) em Surubim.\u00a0<\/span><\/strong><\/div>\n<div style=\"text-align: justify;\"><span style=\"color: #444444;\">\u00a0<\/span><\/div>\n<div style=\"text-align: justify;\"><span style=\"color: #444444;\">Para se inscrever \u00e9 s\u00f3 acessar o site\u00a0<a href=\"http:\/\/loja.pe.sebrae.com.br\/\">loja.pe.sebrae.com.br<\/a>, ou ir \u00e0 Secretaria de Desenvolvimento Econ\u00f4mico, localizada na Rua Jo\u00e3o Batista, 80, Centro, com o CPF ou CNPJ, entre as 8h e 13h.<\/span><\/div>\n<div style=\"text-align: justify;\"><span style=\"color: #444444;\">\u00a0<\/span><\/div>\n<div style=\"text-align: justify;\"><span style=\"color: #444444;\">Confira abaixo a programa\u00e7\u00e3o:<\/span><\/div>\n<div style=\"text-align: justify;\"><span style=\"color: #444444;\">\u00a0<\/span><\/div>\n<div style=\"text-align: justify;\"><span style=\"color: #444444;\">21\/05 (18h \u00e0s 21h)<\/span><\/div>\n<div style=\"text-align: justify;\"><span style=\"color: #444444;\">\u00a0<\/span><\/div>\n<div style=\"text-align: justify;\"><span style=\"color: #444444;\">Oficina: Como Expandir seu Neg\u00f3cio<\/span><\/div>\n<div style=\"text-align: justify;\"><span style=\"color: #444444;\">\u00a0<\/span><\/div>\n<div style=\"text-align: justify;\"><span style=\"color: #444444;\">22\/05 (18h \u00e0s 21h)<\/span><\/div>\n<div style=\"text-align: justify;\"><span style=\"color: #444444;\">\u00a0<\/span><\/div>\n<div style=\"text-align: justify;\"><span style=\"color: #444444;\">Oficina: SEI Empreender<\/span><\/div>\n<\/div>\n","protected":false},"excerpt":{"rendered":"<p>O Sebrae promover\u00e1 em todo o pa\u00eds, de 20 a 24 de maio, a 10\u00aa edi\u00e7\u00e3o da Semana do MEI, com uma ampla programa\u00e7\u00e3o digital e presencial. S\u00e3o 2.500 eventos, entre oficinas, webin\u00e1rios, palestras, semin\u00e1rios e orienta\u00e7\u00f5es t\u00e9cnicas que t\u00eam como foco apoiar a gest\u00e3o dos MEI [&hellip;]<\/p>\n","protected":false},"author":2,"featured_media":2257,"comment_status":"closed","ping_status":"open","sticky":false,"template":"","format":"standard","meta":{"footnotes":""},"categories":[4],"tags":[],"class_list":["post-2256","post","type-post","status-publish","format-standard","has-post-thumbnail","hentry","category-noticias"],"_links":{"self":[{"href":"https:\/\/cdlsurubim.com.br\/site\/wp-json\/wp\/v2\/posts\/2256","targetHints":{"allow":["GET"]}}],"collection":[{"href":"https:\/\/cdlsurubim.com.br\/site\/wp-json\/wp\/v2\/posts"}],"about":[{"href":"https:\/\/cdlsurubim.com.br\/site\/wp-json\/wp\/v2\/types\/post"}],"author":[{"embeddable":true,"href":"https:\/\/cdlsurubim.com.br\/site\/wp-json\/wp\/v2\/users\/2"}],"replies":[{"embeddable":true,"href":"https:\/\/cdlsurubim.com.br\/site\/wp-json\/wp\/v2\/comments?post=2256"}],"version-history":[{"count":1,"href":"https:\/\/cdlsurubim.com.br\/site\/wp-json\/wp\/v2\/posts\/2256\/revisions"}],"predecessor-version":[{"id":2258,"href":"https:\/\/cdlsurubim.com.br\/site\/wp-json\/wp\/v2\/posts\/2256\/revisions\/2258"}],"wp:featuredmedia":[{"embeddable":true,"href":"https:\/\/cdlsurubim.com.br\/site\/wp-json\/wp\/v2\/media\/2257"}],"wp:attachment":[{"href":"https:\/\/cdlsurubim.com.br\/site\/wp-json\/wp\/v2\/media?parent=2256"}],"wp:term":[{"taxonomy":"category","embeddable":true,"href":"https:\/\/cdlsurubim.com.br\/site\/wp-json\/wp\/v2\/categories?post=2256"},{"taxonomy":"post_tag","embeddable":true,"href":"https:\/\/cdlsurubim.com.br\/site\/wp-json\/wp\/v2\/tags?post=2256"}],"curies":[{"name":"wp","href":"https:\/\/api.w.org\/{rel}","templated":true}]}}