{"id":2030,"date":"2018-09-11T10:33:00","date_gmt":"2018-09-11T13:33:00","guid":{"rendered":"http:\/\/cdlsurubim.com.br\/site\/?p=2030"},"modified":"2018-09-11T10:34:08","modified_gmt":"2018-09-11T13:34:08","slug":"90-anos-de-emancipacao-politica-de-surubim-parabens-homenagem-da-cdl","status":"publish","type":"post","link":"https:\/\/cdlsurubim.com.br\/site\/2018\/09\/90-anos-de-emancipacao-politica-de-surubim-parabens-homenagem-da-cdl\/","title":{"rendered":"90 anos de Emancipa\u00e7\u00e3o Pol\u00edtica de Surubim: Parab\u00e9ns, homenagem da CDL"},"content":{"rendered":"<p style=\"text-align: justify;\">A C\u00e2mara de Dirigentes Lojistas de Surubim (CDL) parabeniza nesta ter\u00e7a-feira (11), o munic\u00edpio de Surubim pela passagem dos seus\u00a090 anos de Emancipa\u00e7\u00e3o Pol\u00edtica. Atrav\u00e9s da Lei Estadual n\u00ba. 1.931 em 11 de setembro de 1928, foi constitu\u00eddo em munic\u00edpio aut\u00f4nomo e a sua sede elevada \u00e0 categoria de cidade.<\/p>\n<p style=\"text-align: justify;\"><a href=\"http:\/\/cdlsurubim.com.br\/site\/wp-content\/uploads\/2018\/09\/90-anos-SURUBIM-homenagem-cdl.jpg\" rel=\"attachment wp-att-2031\"><img loading=\"lazy\" decoding=\"async\" class=\"aligncenter wp-image-2031\" src=\"http:\/\/cdlsurubim.com.br\/site\/wp-content\/uploads\/2018\/09\/90-anos-SURUBIM-homenagem-cdl-300x227.jpg\" alt=\"90 anos SURUBIM - homenagem cdl\" width=\"426\" height=\"322\" srcset=\"https:\/\/cdlsurubim.com.br\/site\/wp-content\/uploads\/2018\/09\/90-anos-SURUBIM-homenagem-cdl-300x227.jpg 300w, https:\/\/cdlsurubim.com.br\/site\/wp-content\/uploads\/2018\/09\/90-anos-SURUBIM-homenagem-cdl-768x582.jpg 768w, https:\/\/cdlsurubim.com.br\/site\/wp-content\/uploads\/2018\/09\/90-anos-SURUBIM-homenagem-cdl.jpg 923w\" sizes=\"auto, (max-width: 426px) 100vw, 426px\" \/><\/a><\/p>\n","protected":false},"excerpt":{"rendered":"<p>A C\u00e2mara de Dirigentes Lojistas de Surubim (CDL) parabeniza nesta ter\u00e7a-feira (11), o munic\u00edpio de Surubim pela passagem dos seus\u00a090 anos de Emancipa\u00e7\u00e3o Pol\u00edtica. Atrav\u00e9s da Lei Estadual n\u00ba. 1.931 em 11 de setembro de 1928, foi constitu\u00eddo em munic\u00edpio aut\u00f4nomo e a sua sede elevada \u00e0 [&hellip;]<\/p>\n","protected":false},"author":2,"featured_media":0,"comment_status":"closed","ping_status":"open","sticky":false,"template":"","format":"standard","meta":{"footnotes":""},"categories":[4],"tags":[253,147,192],"class_list":["post-2030","post","type-post","status-publish","format-standard","hentry","category-noticias","tag-90-anos-de-surubim","tag-aniversario-de-surubim","tag-noticias"],"_links":{"self":[{"href":"https:\/\/cdlsurubim.com.br\/site\/wp-json\/wp\/v2\/posts\/2030","targetHints":{"allow":["GET"]}}],"collection":[{"href":"https:\/\/cdlsurubim.com.br\/site\/wp-json\/wp\/v2\/posts"}],"about":[{"href":"https:\/\/cdlsurubim.com.br\/site\/wp-json\/wp\/v2\/types\/post"}],"author":[{"embeddable":true,"href":"https:\/\/cdlsurubim.com.br\/site\/wp-json\/wp\/v2\/users\/2"}],"replies":[{"embeddable":true,"href":"https:\/\/cdlsurubim.com.br\/site\/wp-json\/wp\/v2\/comments?post=2030"}],"version-history":[{"count":1,"href":"https:\/\/cdlsurubim.com.br\/site\/wp-json\/wp\/v2\/posts\/2030\/revisions"}],"predecessor-version":[{"id":2032,"href":"https:\/\/cdlsurubim.com.br\/site\/wp-json\/wp\/v2\/posts\/2030\/revisions\/2032"}],"wp:attachment":[{"href":"https:\/\/cdlsurubim.com.br\/site\/wp-json\/wp\/v2\/media?parent=2030"}],"wp:term":[{"taxonomy":"category","embeddable":true,"href":"https:\/\/cdlsurubim.com.br\/site\/wp-json\/wp\/v2\/categories?post=2030"},{"taxonomy":"post_tag","embeddable":true,"href":"https:\/\/cdlsurubim.com.br\/site\/wp-json\/wp\/v2\/tags?post=2030"}],"curies":[{"name":"wp","href":"https:\/\/api.w.org\/{rel}","templated":true}]}}