{"id":1995,"date":"2018-07-30T19:23:30","date_gmt":"2018-07-30T22:23:30","guid":{"rendered":"http:\/\/cdlsurubim.com.br\/site\/?p=1995"},"modified":"2018-07-30T19:23:30","modified_gmt":"2018-07-30T22:23:30","slug":"sancionada-lei-que-cria-conselho-municipal-de-seguranca-comunitaria-do-municipio-de-surubim","status":"publish","type":"post","link":"https:\/\/cdlsurubim.com.br\/site\/2018\/07\/sancionada-lei-que-cria-conselho-municipal-de-seguranca-comunitaria-do-municipio-de-surubim\/","title":{"rendered":"Sancionada Lei que cria Conselho Municipal de Seguran\u00e7a Comunit\u00e1ria do Munic\u00edpio de Surubim"},"content":{"rendered":"<p style=\"text-align: justify;\">Preocupada com o atual estado da seguran\u00e7a de nosso munic\u00edpio, a Prefeitura Municipal de Surubim, na pessoa da prefeita Ana C\u00e9lia, sancionou a Lei 106\/2018, que cria o Conselho Municipal de Seguran\u00e7a Comunit\u00e1ria do Munic\u00edpio de Surubim, \u00f3rg\u00e3o colegiado, de natureza deliberativa das pol\u00edticas de Seguran\u00e7a P\u00fablica e de assessoramento aos Poderes P\u00fablicos nas quest\u00f5es relativas \u00e0 Seguran\u00e7a P\u00fablica do Munic\u00edpio e ao combate \u00e0 criminalidade.<\/p>\n<p style=\"text-align: justify;\">O Projeto foi encaminhado ap\u00f3s a demanda de uma reuni\u00e3o realizada na \u00faltima segunda-feira (23).<\/p>\n<p style=\"text-align: justify;\">Participaram do encontro a prefeita de Surubim, Ana C\u00e9lia, o juiz da segunda Vara, Dr. Joaquim, o promotor de justi\u00e7a do munic\u00edpio, Dr. Garibaldi, a procuradora do munic\u00edpio, Danusa Pianc\u00f3, o presidente da C\u00e2mara de Vereadores, Fabr\u00edcio Brito, e a presidente da CDL -Surubim, Roberta Aguiar.<\/p>\n<p style=\"text-align: justify;\">A a\u00e7\u00e3o comprova o engajamento da gest\u00e3o em busca de solu\u00e7\u00f5es que impe\u00e7am a\u00e7\u00f5es como a \u00faltima ocorrida no munic\u00edpio, na qual quatro bancos sofreram as consequ\u00eancias de uma a\u00e7\u00e3o criminosa em grande escala. Com a Cria\u00e7\u00e3o do Conselho Municipal de Seguran\u00e7a, a Prefeitura e os Poderes Legislativo e Executivo criam elos com a sociedade numa busca conjunta por melhores condi\u00e7\u00f5es de funcionamento dessas institui\u00e7\u00f5es financeiras na cidade.<\/p>\n<p style=\"text-align: justify;\">Da ASCOM Surubim<\/p>\n","protected":false},"excerpt":{"rendered":"<p>Preocupada com o atual estado da seguran\u00e7a de nosso munic\u00edpio, a Prefeitura Municipal de Surubim, na pessoa da prefeita Ana C\u00e9lia, sancionou a Lei 106\/2018, que cria o Conselho Municipal de Seguran\u00e7a Comunit\u00e1ria do Munic\u00edpio de Surubim, \u00f3rg\u00e3o colegiado, de natureza deliberativa das pol\u00edticas de Seguran\u00e7a P\u00fablica [&hellip;]<\/p>\n","protected":false},"author":2,"featured_media":1996,"comment_status":"closed","ping_status":"open","sticky":false,"template":"","format":"standard","meta":{"footnotes":""},"categories":[4],"tags":[],"class_list":["post-1995","post","type-post","status-publish","format-standard","has-post-thumbnail","hentry","category-noticias"],"_links":{"self":[{"href":"https:\/\/cdlsurubim.com.br\/site\/wp-json\/wp\/v2\/posts\/1995","targetHints":{"allow":["GET"]}}],"collection":[{"href":"https:\/\/cdlsurubim.com.br\/site\/wp-json\/wp\/v2\/posts"}],"about":[{"href":"https:\/\/cdlsurubim.com.br\/site\/wp-json\/wp\/v2\/types\/post"}],"author":[{"embeddable":true,"href":"https:\/\/cdlsurubim.com.br\/site\/wp-json\/wp\/v2\/users\/2"}],"replies":[{"embeddable":true,"href":"https:\/\/cdlsurubim.com.br\/site\/wp-json\/wp\/v2\/comments?post=1995"}],"version-history":[{"count":1,"href":"https:\/\/cdlsurubim.com.br\/site\/wp-json\/wp\/v2\/posts\/1995\/revisions"}],"predecessor-version":[{"id":1997,"href":"https:\/\/cdlsurubim.com.br\/site\/wp-json\/wp\/v2\/posts\/1995\/revisions\/1997"}],"wp:featuredmedia":[{"embeddable":true,"href":"https:\/\/cdlsurubim.com.br\/site\/wp-json\/wp\/v2\/media\/1996"}],"wp:attachment":[{"href":"https:\/\/cdlsurubim.com.br\/site\/wp-json\/wp\/v2\/media?parent=1995"}],"wp:term":[{"taxonomy":"category","embeddable":true,"href":"https:\/\/cdlsurubim.com.br\/site\/wp-json\/wp\/v2\/categories?post=1995"},{"taxonomy":"post_tag","embeddable":true,"href":"https:\/\/cdlsurubim.com.br\/site\/wp-json\/wp\/v2\/tags?post=1995"}],"curies":[{"name":"wp","href":"https:\/\/api.w.org\/{rel}","templated":true}]}}