{"id":1933,"date":"2018-02-28T09:58:36","date_gmt":"2018-02-28T12:58:36","guid":{"rendered":"http:\/\/cdlsurubim.com.br\/site\/?p=1933"},"modified":"2018-02-28T09:58:36","modified_gmt":"2018-02-28T12:58:36","slug":"comunicado-cdl-06-de-marco-data-magna-de-pernambuco","status":"publish","type":"post","link":"https:\/\/cdlsurubim.com.br\/site\/2018\/02\/comunicado-cdl-06-de-marco-data-magna-de-pernambuco\/","title":{"rendered":"Comunicado CDL: 06 de mar\u00e7o, Data Magna de Pernambuco"},"content":{"rendered":"<p style=\"text-align: justify;\"><span style=\"color: #444444;\">A partir deste ano, o dia 06 de mar\u00e7o est\u00e1 oficialmente institu\u00eddo como feriado estadual em Pernambuco, conforme decreto lei de n\u00ba 16.059 de 08 de junho de 2017. A Data Magna, \u00e9 uma forma de registro e homenagem \u00e0 eclos\u00e3o da Revolu\u00e7\u00e3o Pernambucana de 1817.\u00a0<\/span>At\u00e9 ano passado, a comemora\u00e7\u00e3o acontecia no primeiro domingo do m\u00eas de mar\u00e7o, como ponto facultativo.\u00a0Com a promulga\u00e7\u00e3o da lei, criou-se mais um feriado entre o Carnaval e a Semana Santa, per\u00edodos que geralmente trazem preju\u00edzos para o com\u00e9rcio devido aos muitos dias sem abrir.<\/p>\n<p style=\"text-align: justify;\"><span style=\"color: #444444;\">Para o com\u00e9rcio, est\u00e1 facultado o direito de abertura dos estabelecimentos, no feriado de 06 de mar\u00e7o,\u00a0<\/span><span style=\"color: #444444;\">desde que comuniquem previamente ao sindicato que representa os comerci\u00e1rios e obede\u00e7am as regras para esses casos definidas em conven\u00e7\u00e3o coletiva de trabalho.\u00a0<b><i>\u00a0\u201c\u00c9 preciso entrar em contato com o sindicato, informar a quantidade de funcion\u00e1rios que vai trabalhar naquele dia, pagar a entidade R$ 9 por pessoa, mais uma ajuda de custo de R$ 26 a cada trabalhador, que ter\u00e1 direito tamb\u00e9m a uma folga\u201d<\/i><\/b>, explica a presidente da C\u00e2mara de Dirigentes Lojistas (CDL) de Surubim, Roberta Aguiar.<\/span><\/p>\n<p style=\"text-align: justify;\"><span style=\"color: #444444;\">Os comerciantes interessados devem realizar o procedimento no Sindicato dos Empregados no Com\u00e9rcio de Bens e Servi\u00e7os dos Munic\u00edpios de Toritama, Santa Cruz do Capibaribe e Surubim. O telefone do \u00f3rg\u00e3o \u00e9 (81) 3634-1141.<\/span><\/p>\n","protected":false},"excerpt":{"rendered":"<p>A partir deste ano, o dia 06 de mar\u00e7o est\u00e1 oficialmente institu\u00eddo como feriado estadual em Pernambuco, conforme decreto lei de n\u00ba 16.059 de 08 de junho de 2017. A Data Magna, \u00e9 uma forma de registro e homenagem \u00e0 eclos\u00e3o da Revolu\u00e7\u00e3o Pernambucana de 1817.\u00a0At\u00e9 ano [&hellip;]<\/p>\n","protected":false},"author":2,"featured_media":1882,"comment_status":"closed","ping_status":"open","sticky":false,"template":"","format":"standard","meta":{"footnotes":""},"categories":[4],"tags":[243,133,245,45,242,244],"class_list":["post-1933","post","type-post","status-publish","format-standard","has-post-thumbnail","hentry","category-noticias","tag-06-de-marco-de-2018","tag-acoes-cdl-surubim","tag-comercio-de-s","tag-comunicado-cdl-surubim","tag-data-magna-de-pernambuco","tag-feriados"],"_links":{"self":[{"href":"https:\/\/cdlsurubim.com.br\/site\/wp-json\/wp\/v2\/posts\/1933","targetHints":{"allow":["GET"]}}],"collection":[{"href":"https:\/\/cdlsurubim.com.br\/site\/wp-json\/wp\/v2\/posts"}],"about":[{"href":"https:\/\/cdlsurubim.com.br\/site\/wp-json\/wp\/v2\/types\/post"}],"author":[{"embeddable":true,"href":"https:\/\/cdlsurubim.com.br\/site\/wp-json\/wp\/v2\/users\/2"}],"replies":[{"embeddable":true,"href":"https:\/\/cdlsurubim.com.br\/site\/wp-json\/wp\/v2\/comments?post=1933"}],"version-history":[{"count":1,"href":"https:\/\/cdlsurubim.com.br\/site\/wp-json\/wp\/v2\/posts\/1933\/revisions"}],"predecessor-version":[{"id":1934,"href":"https:\/\/cdlsurubim.com.br\/site\/wp-json\/wp\/v2\/posts\/1933\/revisions\/1934"}],"wp:featuredmedia":[{"embeddable":true,"href":"https:\/\/cdlsurubim.com.br\/site\/wp-json\/wp\/v2\/media\/1882"}],"wp:attachment":[{"href":"https:\/\/cdlsurubim.com.br\/site\/wp-json\/wp\/v2\/media?parent=1933"}],"wp:term":[{"taxonomy":"category","embeddable":true,"href":"https:\/\/cdlsurubim.com.br\/site\/wp-json\/wp\/v2\/categories?post=1933"},{"taxonomy":"post_tag","embeddable":true,"href":"https:\/\/cdlsurubim.com.br\/site\/wp-json\/wp\/v2\/tags?post=1933"}],"curies":[{"name":"wp","href":"https:\/\/api.w.org\/{rel}","templated":true}]}}