{"id":1930,"date":"2018-02-15T11:54:51","date_gmt":"2018-02-15T14:54:51","guid":{"rendered":"http:\/\/cdlsurubim.com.br\/site\/?p=1930"},"modified":"2018-02-15T11:54:51","modified_gmt":"2018-02-15T14:54:51","slug":"cdl-surubim-participa-de-seminario-estadual-tecnico-de-spc","status":"publish","type":"post","link":"https:\/\/cdlsurubim.com.br\/site\/2018\/02\/cdl-surubim-participa-de-seminario-estadual-tecnico-de-spc\/","title":{"rendered":"CDL Surubim participa de Semin\u00e1rio Estadual T\u00e9cnico de SPC"},"content":{"rendered":"<p style=\"text-align: justify;\">A C\u00e2mara de Dirigentes Lojistas de Surubim marcou presen\u00e7a no Semin\u00e1rio Estadual de SPC Brasil, realizado em Arcoverde, no Sert\u00e3o do Estado. Promovido pela Federa\u00e7\u00e3o das CDLs de PE, o evento aconteceu no dia 07 de fevereiro. A CDL Surubim esteve representada pela Executiva, Viviane Flor\u00eancio, juntamente com o Assessor de Comunica\u00e7\u00e3o e Agente de Registro, Lu\u00eds Fernando Germano. Ministrado pela colaboradora do SPC Brasil, Ana Paula, o semin\u00e1rio contou com mais de 70 pessoas, entre presidentes e executivos de CDLs de todo o Estado. Entre as pautas, novos produtos do SPC, atualiza\u00e7\u00e3o do sistema e pr\u00e1ticas comerciais.<\/p>\n","protected":false},"excerpt":{"rendered":"<p>A C\u00e2mara de Dirigentes Lojistas de Surubim marcou presen\u00e7a no Semin\u00e1rio Estadual de SPC Brasil, realizado em Arcoverde, no Sert\u00e3o do Estado. Promovido pela Federa\u00e7\u00e3o das CDLs de PE, o evento aconteceu no dia 07 de fevereiro. A CDL Surubim esteve representada pela Executiva, Viviane Flor\u00eancio, juntamente [&hellip;]<\/p>\n","protected":false},"author":2,"featured_media":1929,"comment_status":"closed","ping_status":"open","sticky":false,"template":"","format":"standard","meta":{"footnotes":""},"categories":[4],"tags":[],"class_list":["post-1930","post","type-post","status-publish","format-standard","has-post-thumbnail","hentry","category-noticias"],"_links":{"self":[{"href":"https:\/\/cdlsurubim.com.br\/site\/wp-json\/wp\/v2\/posts\/1930","targetHints":{"allow":["GET"]}}],"collection":[{"href":"https:\/\/cdlsurubim.com.br\/site\/wp-json\/wp\/v2\/posts"}],"about":[{"href":"https:\/\/cdlsurubim.com.br\/site\/wp-json\/wp\/v2\/types\/post"}],"author":[{"embeddable":true,"href":"https:\/\/cdlsurubim.com.br\/site\/wp-json\/wp\/v2\/users\/2"}],"replies":[{"embeddable":true,"href":"https:\/\/cdlsurubim.com.br\/site\/wp-json\/wp\/v2\/comments?post=1930"}],"version-history":[{"count":1,"href":"https:\/\/cdlsurubim.com.br\/site\/wp-json\/wp\/v2\/posts\/1930\/revisions"}],"predecessor-version":[{"id":1931,"href":"https:\/\/cdlsurubim.com.br\/site\/wp-json\/wp\/v2\/posts\/1930\/revisions\/1931"}],"wp:featuredmedia":[{"embeddable":true,"href":"https:\/\/cdlsurubim.com.br\/site\/wp-json\/wp\/v2\/media\/1929"}],"wp:attachment":[{"href":"https:\/\/cdlsurubim.com.br\/site\/wp-json\/wp\/v2\/media?parent=1930"}],"wp:term":[{"taxonomy":"category","embeddable":true,"href":"https:\/\/cdlsurubim.com.br\/site\/wp-json\/wp\/v2\/categories?post=1930"},{"taxonomy":"post_tag","embeddable":true,"href":"https:\/\/cdlsurubim.com.br\/site\/wp-json\/wp\/v2\/tags?post=1930"}],"curies":[{"name":"wp","href":"https:\/\/api.w.org\/{rel}","templated":true}]}}