{"id":1903,"date":"2017-11-30T10:39:38","date_gmt":"2017-11-30T13:39:38","guid":{"rendered":"http:\/\/cdlsurubim.com.br\/site\/?p=1903"},"modified":"2017-11-30T10:39:38","modified_gmt":"2017-11-30T13:39:38","slug":"cdl-surubim-marca-presenca-no-15o-certforum-em-recife","status":"publish","type":"post","link":"https:\/\/cdlsurubim.com.br\/site\/2017\/11\/cdl-surubim-marca-presenca-no-15o-certforum-em-recife\/","title":{"rendered":"CDL Surubim marca presen\u00e7a no 15\u00ba CertForum em Recife"},"content":{"rendered":"<p style=\"text-align: justify;\">A C\u00e2mara de Dirigentes Lojistas de Surubim (CDL Surubim) marcou presen\u00e7a no 15\u00ba CertForum \u2013 F\u00f3rum de Certifica\u00e7\u00e3o Digital, realizado pelo Instituto Nacional de Tecnologia da Informa\u00e7\u00e3o (ITI) e organizado pela Associa\u00e7\u00e3o Brasileira das Empresas de Tecnologia em Identifica\u00e7\u00e3o Digital (ABRID), que aconteceu no audit\u00f3rio do JCPM, em Recife, nesta quarta-feira (29).<\/p>\n<p style=\"text-align: justify;\">A CDL Surubim esteve representada pelo Agente de Registro, Lu\u00eds Fernando Germano (foto), o mesmo atua na emiss\u00f5es de Certifica\u00e7\u00e3o Digital. &#8220;No evento, pudemos ter acesso a informa\u00e7\u00f5es de sistemas que, em breve, estar\u00e3o dispon\u00edveis no Brasil. Al\u00e9m de fortalecer a rede de relacionamentos com outros profissionais, foi momento de aprender ainda mais sobre os servi\u00e7os&#8221;, finaliza Germano.<\/p>\n<p style=\"text-align: justify;\">O gerente de Novos Neg\u00f3cios do SPC Brasil, Renato Pavone, esteve presente e repassou informa\u00e7\u00f5es de grande valia aos diversos Agentes de Registros das CDLs de PE e Estados vizinhos. Marcou presen\u00e7a, o Gerente de Relacionamento da Federa\u00e7\u00e3o das CDLs de PE, Rhuan Torres dando suporte \u00e0s CDLs pernambucanas.<\/p>\n<p style=\"text-align: justify;\"><strong>Saiba mais<\/strong><br \/>\nO CertForum \u00e9 o maior evento sobre certifica\u00e7\u00e3o digital no Brasil. Anualmente re\u00fane representantes dos governos federal e estaduais, de empresas da \u00e1rea de tecnologia, de entidades de classe, al\u00e9m de pesquisadores e estudantes, todos com o olhar voltado para as inova\u00e7\u00f5es proporcionadas pelo uso do certificado digital.<\/p>\n","protected":false},"excerpt":{"rendered":"<p>A C\u00e2mara de Dirigentes Lojistas de Surubim (CDL Surubim) marcou presen\u00e7a no 15\u00ba CertForum \u2013 F\u00f3rum de Certifica\u00e7\u00e3o Digital, realizado pelo Instituto Nacional de Tecnologia da Informa\u00e7\u00e3o (ITI) e organizado pela Associa\u00e7\u00e3o Brasileira das Empresas de Tecnologia em Identifica\u00e7\u00e3o Digital (ABRID), que aconteceu no audit\u00f3rio do JCPM, [&hellip;]<\/p>\n","protected":false},"author":2,"featured_media":1904,"comment_status":"closed","ping_status":"open","sticky":false,"template":"","format":"standard","meta":{"footnotes":""},"categories":[4],"tags":[],"class_list":["post-1903","post","type-post","status-publish","format-standard","has-post-thumbnail","hentry","category-noticias"],"_links":{"self":[{"href":"https:\/\/cdlsurubim.com.br\/site\/wp-json\/wp\/v2\/posts\/1903","targetHints":{"allow":["GET"]}}],"collection":[{"href":"https:\/\/cdlsurubim.com.br\/site\/wp-json\/wp\/v2\/posts"}],"about":[{"href":"https:\/\/cdlsurubim.com.br\/site\/wp-json\/wp\/v2\/types\/post"}],"author":[{"embeddable":true,"href":"https:\/\/cdlsurubim.com.br\/site\/wp-json\/wp\/v2\/users\/2"}],"replies":[{"embeddable":true,"href":"https:\/\/cdlsurubim.com.br\/site\/wp-json\/wp\/v2\/comments?post=1903"}],"version-history":[{"count":1,"href":"https:\/\/cdlsurubim.com.br\/site\/wp-json\/wp\/v2\/posts\/1903\/revisions"}],"predecessor-version":[{"id":1905,"href":"https:\/\/cdlsurubim.com.br\/site\/wp-json\/wp\/v2\/posts\/1903\/revisions\/1905"}],"wp:featuredmedia":[{"embeddable":true,"href":"https:\/\/cdlsurubim.com.br\/site\/wp-json\/wp\/v2\/media\/1904"}],"wp:attachment":[{"href":"https:\/\/cdlsurubim.com.br\/site\/wp-json\/wp\/v2\/media?parent=1903"}],"wp:term":[{"taxonomy":"category","embeddable":true,"href":"https:\/\/cdlsurubim.com.br\/site\/wp-json\/wp\/v2\/categories?post=1903"},{"taxonomy":"post_tag","embeddable":true,"href":"https:\/\/cdlsurubim.com.br\/site\/wp-json\/wp\/v2\/tags?post=1903"}],"curies":[{"name":"wp","href":"https:\/\/api.w.org\/{rel}","templated":true}]}}