{"id":1886,"date":"2017-11-02T19:42:43","date_gmt":"2017-11-02T22:42:43","guid":{"rendered":"http:\/\/cdlsurubim.com.br\/site\/?p=1886"},"modified":"2017-11-02T19:50:50","modified_gmt":"2017-11-02T22:50:50","slug":"presidente-da-cdl-anuncia-doacao-de-kits-de-coleta-seletiva-no-i-forum-socioambiental-de-surubim","status":"publish","type":"post","link":"https:\/\/cdlsurubim.com.br\/site\/2017\/11\/presidente-da-cdl-anuncia-doacao-de-kits-de-coleta-seletiva-no-i-forum-socioambiental-de-surubim\/","title":{"rendered":"Presidente da CDL anuncia doa\u00e7\u00e3o de kits de Coleta Seletiva no I F\u00f3rum Socioambiental de Surubim"},"content":{"rendered":"<p style=\"text-align: justify;\">No \u00faltimo dia 31\/10, no audit\u00f3rio do Reserve Hotel, aconteceu o I F\u00f3rum Socioambiental promovido atrav\u00e9s de parceria entre a empresa NE Constru\u00e7\u00f5es com a Prefeitura de Surubim, atrav\u00e9s da Secretaria de Infraestrutura e Controle Urbano. O objetivo do F\u00f3rum foi de estabelecer no munic\u00edpio de Surubim um aterro sanit\u00e1rio, substituindo o lix\u00e3o para onde se destinam hoje os res\u00edduos s\u00f3lidos municipais.<\/p>\n<p style=\"text-align: justify;\">A abertura contou com as presen\u00e7as da prefeita Ana C\u00e9lia e do secret\u00e1rio Carlos Maur\u00edcio Guerra que deram as boas vindas aos presentes. Em seguida, o coordenador de projetos da NE Constru\u00e7\u00f5es, Abelardo Ribeiro, empresa respons\u00e1vel pela elabora\u00e7\u00e3o e implanta\u00e7\u00e3o do projeto, <strong>a presidente da CDL, Roberta Aguiar,<\/strong> os promotores de justi\u00e7a Andr\u00e9 Barbosa de Menezes e Garibaldi Cavalcanti, discorreram sobre a import\u00e2ncia do aterro sanit\u00e1rio. Falaram sobre a necessidade de se consolidarem parcerias entre todos os segmentos da comunidade para que fosse poss\u00edvel atingir plenamente os objetivos propostos.<\/p>\n<p style=\"text-align: justify;\">Dentre suas palavras, Roberta destacou a import\u00e2ncia da integra\u00e7\u00e3o dos entes federativos, setor privado e da sociedade para solu\u00e7\u00e3o do problema. &#8220;A m\u00e1 gest\u00e3o dos res\u00edduos s\u00f3lidos compromete a qualidade de vida de toda a popula\u00e7\u00e3o. Os entes federados devem elaborar um Plano de Gest\u00e3o para implementa\u00e7\u00e3o desses res\u00edduos, assim como, obriga o setor privado a gerenciar de forma correta e reincorpora\u00e7\u00e3o dos res\u00edduos s\u00f3lidos na cadeia produtiva e inova\u00e7\u00e3o de t\u00e9cnicas para trazer benef\u00edcio ambiental. Al\u00e9m de o cidad\u00e3o ser respons\u00e1vel quanto ao manuseio correto dos res\u00edduos, e seu papel enquanto consumidor.&#8221;<\/p>\n<p style=\"text-align: justify;\">Com a implanta\u00e7\u00e3o do plano de gest\u00e3o, trar\u00e1 muitos benef\u00edcios no \u00e2mbito social, ambiental e econ\u00f4mico de Surubim. Gerando emprego, renda e inclus\u00e3o social, al\u00e9m de diminuir o impacto ambiental. Na oportunidade, Roberta anunciou a colabora\u00e7\u00e3o da CDL Surubim no in\u00edcio do projeto. &#8220;A CDL tem a satisfa\u00e7\u00e3o de participar destas mudan\u00e7as, iniciando com a doa\u00e7\u00e3o de pontos de entregas volunt\u00e1ria no com\u00e9rcio de Surubim. Estaremos fazendo a doa\u00e7\u00e3o dos primeiros 08 kits de Coleta Seletiva do lixo, devidamente personalizados com a logomarca ganhadora do concurso que foi realizado nas escolas do munic\u00edpio.&#8221; finalizou Aguiar.<\/p>\n<p style=\"text-align: justify;\"><strong>Da ASCOM CDL Surubim \/ Foto: Alian Arag\u00e3o<\/strong><\/p>\n","protected":false},"excerpt":{"rendered":"<p>No \u00faltimo dia 31\/10, no audit\u00f3rio do Reserve Hotel, aconteceu o I F\u00f3rum Socioambiental promovido atrav\u00e9s de parceria entre a empresa NE Constru\u00e7\u00f5es com a Prefeitura de Surubim, atrav\u00e9s da Secretaria de Infraestrutura e Controle Urbano. O objetivo do F\u00f3rum foi de estabelecer no munic\u00edpio de Surubim [&hellip;]<\/p>\n","protected":false},"author":2,"featured_media":1887,"comment_status":"closed","ping_status":"open","sticky":false,"template":"","format":"standard","meta":{"footnotes":""},"categories":[4],"tags":[],"class_list":["post-1886","post","type-post","status-publish","format-standard","has-post-thumbnail","hentry","category-noticias"],"_links":{"self":[{"href":"https:\/\/cdlsurubim.com.br\/site\/wp-json\/wp\/v2\/posts\/1886","targetHints":{"allow":["GET"]}}],"collection":[{"href":"https:\/\/cdlsurubim.com.br\/site\/wp-json\/wp\/v2\/posts"}],"about":[{"href":"https:\/\/cdlsurubim.com.br\/site\/wp-json\/wp\/v2\/types\/post"}],"author":[{"embeddable":true,"href":"https:\/\/cdlsurubim.com.br\/site\/wp-json\/wp\/v2\/users\/2"}],"replies":[{"embeddable":true,"href":"https:\/\/cdlsurubim.com.br\/site\/wp-json\/wp\/v2\/comments?post=1886"}],"version-history":[{"count":3,"href":"https:\/\/cdlsurubim.com.br\/site\/wp-json\/wp\/v2\/posts\/1886\/revisions"}],"predecessor-version":[{"id":1890,"href":"https:\/\/cdlsurubim.com.br\/site\/wp-json\/wp\/v2\/posts\/1886\/revisions\/1890"}],"wp:featuredmedia":[{"embeddable":true,"href":"https:\/\/cdlsurubim.com.br\/site\/wp-json\/wp\/v2\/media\/1887"}],"wp:attachment":[{"href":"https:\/\/cdlsurubim.com.br\/site\/wp-json\/wp\/v2\/media?parent=1886"}],"wp:term":[{"taxonomy":"category","embeddable":true,"href":"https:\/\/cdlsurubim.com.br\/site\/wp-json\/wp\/v2\/categories?post=1886"},{"taxonomy":"post_tag","embeddable":true,"href":"https:\/\/cdlsurubim.com.br\/site\/wp-json\/wp\/v2\/tags?post=1886"}],"curies":[{"name":"wp","href":"https:\/\/api.w.org\/{rel}","templated":true}]}}