{"id":1880,"date":"2017-10-10T08:22:34","date_gmt":"2017-10-10T11:22:34","guid":{"rendered":"http:\/\/cdlsurubim.com.br\/site\/?p=1880"},"modified":"2017-10-11T09:40:29","modified_gmt":"2017-10-11T12:40:29","slug":"comunicado-funcionamento-no-feriado-de-nossa-senhora-aparecida-1210-e-dia-do-comerciario-1610","status":"publish","type":"post","link":"https:\/\/cdlsurubim.com.br\/site\/2017\/10\/comunicado-funcionamento-no-feriado-de-nossa-senhora-aparecida-1210-e-dia-do-comerciario-1610\/","title":{"rendered":"Comunicado: funcionamento no Feriado de Nossa Senhora Aparecida (12\/10) e Dia do Comerci\u00e1rio (16\/10)"},"content":{"rendered":"<p style=\"text-align: justify;\">A C\u00e2mara de Dirigentes Lojistas de Surubim (CDL) vem atrav\u00e9s deste, informar sobre o funcionamento no Feriado de Nossa Senhora Aparecida (12\/10) e Dia do Comerci\u00e1rio (16\/10).<\/p>\n<p style=\"text-align: justify;\"><strong>Feriado de Nossa Senhora Aparecida \u2013 12-10-2017<\/strong><\/p>\n<p style=\"text-align: justify;\">Comemorado na pr\u00f3xima quinta-feira (12), a entidade n\u00e3o funcionar\u00e1. Contudo, o feriado n\u00e3o impede que algum lojista possa abrir seu com\u00e9rcio. Por\u00e9m, os direitos trabalhistas devem ser pagos de acordo com a legisla\u00e7\u00e3o.<\/p>\n<p style=\"text-align: justify;\"><strong>Dia do Comerci\u00e1rio \u2013 16-10-2017<\/strong><\/p>\n<p style=\"text-align: justify;\">Sobre o Dia do Comerci\u00e1rio que ser\u00e1 comemorado no dia 16\/10, de acordo com a Conven\u00e7\u00e3o Coletiva vigente, os Comerci\u00e1rios n\u00e3o podem trabalhar neste dia. Na oportunidade, a CDL informa que a entidade n\u00e3o funcionar\u00e1 no dia 16 de outubro do corrente ano. Mais informa\u00e7\u00f5es, entrar em contato com o SINDECOM, atrav\u00e9s do (81) 3634.1141.<\/p>\n","protected":false},"excerpt":{"rendered":"<p>A C\u00e2mara de Dirigentes Lojistas de Surubim (CDL) vem atrav\u00e9s deste, informar sobre o funcionamento no Feriado de Nossa Senhora Aparecida (12\/10) e Dia do Comerci\u00e1rio (16\/10). Feriado de Nossa Senhora Aparecida \u2013 12-10-2017 Comemorado na pr\u00f3xima quinta-feira (12), a entidade n\u00e3o funcionar\u00e1. Contudo, o feriado n\u00e3o [&hellip;]<\/p>\n","protected":false},"author":2,"featured_media":1882,"comment_status":"closed","ping_status":"open","sticky":false,"template":"","format":"standard","meta":{"footnotes":""},"categories":[4],"tags":[],"class_list":["post-1880","post","type-post","status-publish","format-standard","has-post-thumbnail","hentry","category-noticias"],"_links":{"self":[{"href":"https:\/\/cdlsurubim.com.br\/site\/wp-json\/wp\/v2\/posts\/1880","targetHints":{"allow":["GET"]}}],"collection":[{"href":"https:\/\/cdlsurubim.com.br\/site\/wp-json\/wp\/v2\/posts"}],"about":[{"href":"https:\/\/cdlsurubim.com.br\/site\/wp-json\/wp\/v2\/types\/post"}],"author":[{"embeddable":true,"href":"https:\/\/cdlsurubim.com.br\/site\/wp-json\/wp\/v2\/users\/2"}],"replies":[{"embeddable":true,"href":"https:\/\/cdlsurubim.com.br\/site\/wp-json\/wp\/v2\/comments?post=1880"}],"version-history":[{"count":3,"href":"https:\/\/cdlsurubim.com.br\/site\/wp-json\/wp\/v2\/posts\/1880\/revisions"}],"predecessor-version":[{"id":1884,"href":"https:\/\/cdlsurubim.com.br\/site\/wp-json\/wp\/v2\/posts\/1880\/revisions\/1884"}],"wp:featuredmedia":[{"embeddable":true,"href":"https:\/\/cdlsurubim.com.br\/site\/wp-json\/wp\/v2\/media\/1882"}],"wp:attachment":[{"href":"https:\/\/cdlsurubim.com.br\/site\/wp-json\/wp\/v2\/media?parent=1880"}],"wp:term":[{"taxonomy":"category","embeddable":true,"href":"https:\/\/cdlsurubim.com.br\/site\/wp-json\/wp\/v2\/categories?post=1880"},{"taxonomy":"post_tag","embeddable":true,"href":"https:\/\/cdlsurubim.com.br\/site\/wp-json\/wp\/v2\/tags?post=1880"}],"curies":[{"name":"wp","href":"https:\/\/api.w.org\/{rel}","templated":true}]}}