{"id":1853,"date":"2017-09-14T16:51:33","date_gmt":"2017-09-14T19:51:33","guid":{"rendered":"http:\/\/cdlsurubim.com.br\/site\/?p=1853"},"modified":"2017-09-14T16:53:04","modified_gmt":"2017-09-14T19:53:04","slug":"cdl-surubim-participa-de-reuniao-do-programa-territorio-vivo-do-sebrae-em-caruaru","status":"publish","type":"post","link":"https:\/\/cdlsurubim.com.br\/site\/2017\/09\/cdl-surubim-participa-de-reuniao-do-programa-territorio-vivo-do-sebrae-em-caruaru\/","title":{"rendered":"CDL Surubim participa de reuni\u00e3o do \u201cPrograma Territ\u00f3rio Vivo\u201d do SEBRAE, em Caruaru"},"content":{"rendered":"<p style=\"text-align: justify;\">Aconteceu na manh\u00e3 desta quinta-feira (14), no audit\u00f3rio da C\u00e2mara de Dirigentes Lojistas de Caruaru uma reuni\u00e3o intitulada \u201cConhecendo o nosso potencial,\u201d o encontro fez parte do \u201cPrograma Territ\u00f3rio Vivo\u201d, realizado pelo SEBRAE Pernambuco. A C\u00e2mara de Dirigentes Lojistas de Surubim esteve representada pelo Assessor de Comunica\u00e7\u00e3o, Lu\u00eds Fernando Germano, e esteve acompanhado da presidente da AMPEC Surubim, Onilda Lucena, e do Chefe de Gabinete da Prefeitura de Surubim, Sandoval Lima.<\/p>\n<p style=\"text-align: justify;\">O tema do primeiro encontro foi explanado por Fernando Cl\u00edmaco, Gerente da Unidade de Pol\u00edticas P\u00fablicas, SEBRAE-PE. O Programa Territ\u00f3rio Vivo visa fortalecer a capacidade de produ\u00e7\u00e3o, gerando e aumentando o emprego e renda nas zonas urbana e rural. Neste encontro, os objetivos foram harmonizar os conte\u00fados e conhecimento dos participantes, al\u00e9m de debater em torno de quatro focos tem\u00e1ticos.<\/p>\n<p style=\"text-align: justify;\">Foram convidados representantes de Caruaru e mais nove cidades circunvizinhas que s\u00e3o: Agrestina, Brejo da Madre de Deus, Caruaru, Cupira, Riacho das Almas, Santa Cruz do Capibaribe, Surubim, Taquaritinga do Norte e Vertentes. De acordo com a Assessoria do SEBRAE-PE foram convocados pessoas e institui\u00e7\u00f5es que desejem construir junto com o SEBRAE um caminho que resulte no fortalecimento da capacidade de produzir riquezas, oportunidades de neg\u00f3cios, empregos e qualidade de vida para as comunidades com base no potencial existente e nas capacidades locais.<\/p>\n<p style=\"text-align: justify;\">O segundo encontro ser\u00e1 realizado no dia 05 de outubro do corrente ano, no munic\u00edpio de Toritama, onde ser\u00e1 feito um grande esfor\u00e7o criativo para pensar possibilidades para o fortalecimento e inova\u00e7\u00e3o na produ\u00e7\u00e3o de riqueza no territ\u00f3rio. O trabalho ser\u00e1 dinamizado atrav\u00e9s de um jogo especialmente pensado pela equipe do SEBRAE.<\/p>\n","protected":false},"excerpt":{"rendered":"<p>Aconteceu na manh\u00e3 desta quinta-feira (14), no audit\u00f3rio da C\u00e2mara de Dirigentes Lojistas de Caruaru uma reuni\u00e3o intitulada \u201cConhecendo o nosso potencial,\u201d o encontro fez parte do \u201cPrograma Territ\u00f3rio Vivo\u201d, realizado pelo SEBRAE Pernambuco. A C\u00e2mara de Dirigentes Lojistas de Surubim esteve representada pelo Assessor de Comunica\u00e7\u00e3o, [&hellip;]<\/p>\n","protected":false},"author":2,"featured_media":1854,"comment_status":"closed","ping_status":"open","sticky":false,"template":"","format":"standard","meta":{"footnotes":""},"categories":[4],"tags":[],"class_list":["post-1853","post","type-post","status-publish","format-standard","has-post-thumbnail","hentry","category-noticias"],"_links":{"self":[{"href":"https:\/\/cdlsurubim.com.br\/site\/wp-json\/wp\/v2\/posts\/1853","targetHints":{"allow":["GET"]}}],"collection":[{"href":"https:\/\/cdlsurubim.com.br\/site\/wp-json\/wp\/v2\/posts"}],"about":[{"href":"https:\/\/cdlsurubim.com.br\/site\/wp-json\/wp\/v2\/types\/post"}],"author":[{"embeddable":true,"href":"https:\/\/cdlsurubim.com.br\/site\/wp-json\/wp\/v2\/users\/2"}],"replies":[{"embeddable":true,"href":"https:\/\/cdlsurubim.com.br\/site\/wp-json\/wp\/v2\/comments?post=1853"}],"version-history":[{"count":3,"href":"https:\/\/cdlsurubim.com.br\/site\/wp-json\/wp\/v2\/posts\/1853\/revisions"}],"predecessor-version":[{"id":1857,"href":"https:\/\/cdlsurubim.com.br\/site\/wp-json\/wp\/v2\/posts\/1853\/revisions\/1857"}],"wp:featuredmedia":[{"embeddable":true,"href":"https:\/\/cdlsurubim.com.br\/site\/wp-json\/wp\/v2\/media\/1854"}],"wp:attachment":[{"href":"https:\/\/cdlsurubim.com.br\/site\/wp-json\/wp\/v2\/media?parent=1853"}],"wp:term":[{"taxonomy":"category","embeddable":true,"href":"https:\/\/cdlsurubim.com.br\/site\/wp-json\/wp\/v2\/categories?post=1853"},{"taxonomy":"post_tag","embeddable":true,"href":"https:\/\/cdlsurubim.com.br\/site\/wp-json\/wp\/v2\/tags?post=1853"}],"curies":[{"name":"wp","href":"https:\/\/api.w.org\/{rel}","templated":true}]}}