{"id":1829,"date":"2017-08-02T09:35:05","date_gmt":"2017-08-02T12:35:05","guid":{"rendered":"http:\/\/cdlsurubim.com.br\/site\/?p=1829"},"modified":"2017-08-02T09:35:05","modified_gmt":"2017-08-02T12:35:05","slug":"cdl-surubim-disponibiliza-servico-de-cadastro-do-microempreendedor-individual-mei","status":"publish","type":"post","link":"https:\/\/cdlsurubim.com.br\/site\/2017\/08\/cdl-surubim-disponibiliza-servico-de-cadastro-do-microempreendedor-individual-mei\/","title":{"rendered":"CDL Surubim disponibiliza servi\u00e7o de cadastro do Microempreendedor Individual (MEI)"},"content":{"rendered":"<div class=\"\" data-block=\"true\" data-editor=\"vava\" data-offset-key=\"374uf-0-0\">\n<div class=\"_1mf _1mj\" style=\"text-align: justify;\" data-offset-key=\"374uf-0-0\"><span data-offset-key=\"374uf-0-0\"><span data-text=\"true\">A C\u00e2mara de Dirigentes Lojistas de Surubim passa a oferecer o servi\u00e7o de cadastro do Microempreendedor Individual (MEI). Criada pelo governo federal para incluir os trabalhadores que atuam como doceiros, borracheiros, camel\u00f4s, manicures, cabeleireiros e eletricistas, entre outros, que tenham faturamento anual m\u00e1ximo de R$ 60 mil. A Lei Complementar n\u00ba 128, de 19\/12\/2008, criou condi\u00e7\u00f5es especiais para que o trabalhador conhecido como informal possa se tornar um MEI legalizado. <\/span><\/span><\/div>\n<\/div>\n<div class=\"\" style=\"text-align: justify;\" data-block=\"true\" data-editor=\"vava\" data-offset-key=\"hp65-0-0\">\n<div class=\"_1mf _1mj\" data-offset-key=\"hp65-0-0\"><span data-offset-key=\"hp65-0-0\">\u00a0<\/span><\/div>\n<\/div>\n<div class=\"\" style=\"text-align: justify;\" data-block=\"true\" data-editor=\"vava\" data-offset-key=\"4fbkl-0-0\">\n<div class=\"_1mf _1mj\" data-offset-key=\"4fbkl-0-0\"><span data-offset-key=\"4fbkl-0-0\"><span data-text=\"true\">Para se enquadrar, \u00e9 necess\u00e1rio faturar no m\u00e1ximo at\u00e9 R$ 60.000,00 por ano e n\u00e3o ter participa\u00e7\u00e3o em outra empresa como s\u00f3cio ou titular. Pode ter um empregado contratado que receba o sal\u00e1rio m\u00ednimo ou o piso da categoria.<\/span><\/span><\/div>\n<\/div>\n<div class=\"\" style=\"text-align: justify;\" data-block=\"true\" data-editor=\"vava\" data-offset-key=\"a6o56-0-0\">\n<div class=\"_1mf _1mj\" data-offset-key=\"a6o56-0-0\"><span data-offset-key=\"a6o56-0-0\">\u00a0<\/span><\/div>\n<\/div>\n<div class=\"\" style=\"text-align: justify;\" data-block=\"true\" data-editor=\"vava\" data-offset-key=\"7pbl4-0-0\">\n<div class=\"_1mf _1mj\" data-offset-key=\"7pbl4-0-0\"><span data-offset-key=\"7pbl4-0-0\"><span data-text=\"true\">Entre as vantagens oferecidas por essa lei est\u00e1 o registro no Cadastro Nacional de Pessoas Jur\u00eddicas (CNPJ), o que facilita a abertura de conta banc\u00e1ria, o pedido de empr\u00e9stimos e a emiss\u00e3o de notas fiscais.<\/span><\/span><\/div>\n<\/div>\n<div class=\"\" style=\"text-align: justify;\" data-block=\"true\" data-editor=\"vava\" data-offset-key=\"2bv56-0-0\">\n<div class=\"_1mf _1mj\" data-offset-key=\"2bv56-0-0\"><span data-offset-key=\"2bv56-0-0\">\u00a0<\/span><\/div>\n<\/div>\n<div class=\"\" style=\"text-align: justify;\" data-block=\"true\" data-editor=\"vava\" data-offset-key=\"2ft67-0-0\">\n<div class=\"_1mf _1mj\" data-offset-key=\"2ft67-0-0\"><span data-offset-key=\"2ft67-0-0\"><span data-text=\"true\">Al\u00e9m disso, o MEI ser\u00e1 enquadrado no Simples Nacional e ficar\u00e1 isento dos tributos federais (Imposto de Renda, PIS, COFINS, IPI e CSLL). Assim, pagar\u00e1 apenas o valor fixo mensal de R$ 47,85 (com\u00e9rcio ou ind\u00fastria), R$ 51,85 (presta\u00e7\u00e3o de servi\u00e7os) ou R$ 52,85 (com\u00e9rcio e servi\u00e7os), que ser\u00e1 destinado \u00e0 Previd\u00eancia Social e ao ICMS ou ao ISS. Essas quantias ser\u00e3o atualizadas anualmente, de acordo com o sal\u00e1rio m\u00ednimo.<\/span><\/span><\/div>\n<\/div>\n<div class=\"\" style=\"text-align: justify;\" data-block=\"true\" data-editor=\"vava\" data-offset-key=\"8vgrn-0-0\">\n<div class=\"_1mf _1mj\" data-offset-key=\"8vgrn-0-0\"><span data-offset-key=\"8vgrn-0-0\">\u00a0<\/span><\/div>\n<\/div>\n<div class=\"\" style=\"text-align: justify;\" data-block=\"true\" data-editor=\"vava\" data-offset-key=\"97vjh-0-0\">\n<div class=\"_1mf _1mj\" data-offset-key=\"97vjh-0-0\"><span data-offset-key=\"97vjh-0-0\"><span data-text=\"true\">Com essas contribui\u00e7\u00f5es, o Microempreendedor Individual tem acesso a benef\u00edcios como aux\u00edlio maternidade, aux\u00edlio doen\u00e7a, aposentadoria, entre outros. <\/span><\/span><\/div>\n<\/div>\n<div class=\"\" style=\"text-align: justify;\" data-block=\"true\" data-editor=\"vava\" data-offset-key=\"2rrlp-0-0\">\n<div class=\"_1mf _1mj\" data-offset-key=\"2rrlp-0-0\"><span data-offset-key=\"2rrlp-0-0\">\u00a0<\/span><\/div>\n<\/div>\n<div class=\"\" style=\"text-align: justify;\" data-block=\"true\" data-editor=\"vava\" data-offset-key=\"dak8q-0-0\">\n<div class=\"_1mf _1mj\" data-offset-key=\"dak8q-0-0\"><span data-offset-key=\"dak8q-0-0\"><span data-text=\"true\">Mais informa\u00e7\u00f5es devem ser colhidas no balc\u00e3o de atendimento da CDL, que fica localizado na Avenida Agamenon Magalh\u00e3es, 272, centro.<\/span><\/span><\/div>\n<\/div>\n<div class=\"\" style=\"text-align: justify;\" data-block=\"true\" data-editor=\"vava\" data-offset-key=\"4bqvt-0-0\"><\/div>\n","protected":false},"excerpt":{"rendered":"<p>A C\u00e2mara de Dirigentes Lojistas de Surubim passa a oferecer o servi\u00e7o de cadastro do Microempreendedor Individual (MEI). Criada pelo governo federal para incluir os trabalhadores que atuam como doceiros, borracheiros, camel\u00f4s, manicures, cabeleireiros e eletricistas, entre outros, que tenham faturamento anual m\u00e1ximo de R$ 60 mil. [&hellip;]<\/p>\n","protected":false},"author":2,"featured_media":1830,"comment_status":"closed","ping_status":"open","sticky":false,"template":"","format":"standard","meta":{"footnotes":""},"categories":[4],"tags":[133,227,224,114,228,223,225,229,226],"class_list":["post-1829","post","type-post","status-publish","format-standard","has-post-thumbnail","hentry","category-noticias","tag-acoes-cdl-surubim","tag-beneficios","tag-cadastro","tag-camara-de-dirigentes-lojistas-de-surubim","tag-empresas","tag-mei","tag-microempreendedor-individual-mei","tag-noticias-surubi","tag-servicos"],"_links":{"self":[{"href":"https:\/\/cdlsurubim.com.br\/site\/wp-json\/wp\/v2\/posts\/1829","targetHints":{"allow":["GET"]}}],"collection":[{"href":"https:\/\/cdlsurubim.com.br\/site\/wp-json\/wp\/v2\/posts"}],"about":[{"href":"https:\/\/cdlsurubim.com.br\/site\/wp-json\/wp\/v2\/types\/post"}],"author":[{"embeddable":true,"href":"https:\/\/cdlsurubim.com.br\/site\/wp-json\/wp\/v2\/users\/2"}],"replies":[{"embeddable":true,"href":"https:\/\/cdlsurubim.com.br\/site\/wp-json\/wp\/v2\/comments?post=1829"}],"version-history":[{"count":1,"href":"https:\/\/cdlsurubim.com.br\/site\/wp-json\/wp\/v2\/posts\/1829\/revisions"}],"predecessor-version":[{"id":1831,"href":"https:\/\/cdlsurubim.com.br\/site\/wp-json\/wp\/v2\/posts\/1829\/revisions\/1831"}],"wp:featuredmedia":[{"embeddable":true,"href":"https:\/\/cdlsurubim.com.br\/site\/wp-json\/wp\/v2\/media\/1830"}],"wp:attachment":[{"href":"https:\/\/cdlsurubim.com.br\/site\/wp-json\/wp\/v2\/media?parent=1829"}],"wp:term":[{"taxonomy":"category","embeddable":true,"href":"https:\/\/cdlsurubim.com.br\/site\/wp-json\/wp\/v2\/categories?post=1829"},{"taxonomy":"post_tag","embeddable":true,"href":"https:\/\/cdlsurubim.com.br\/site\/wp-json\/wp\/v2\/tags?post=1829"}],"curies":[{"name":"wp","href":"https:\/\/api.w.org\/{rel}","templated":true}]}}