{"id":181,"date":"2012-04-25T09:18:55","date_gmt":"2012-04-25T12:18:55","guid":{"rendered":"http:\/\/cdlsurubim.com.br\/site\/?p=181"},"modified":"2012-04-25T17:21:53","modified_gmt":"2012-04-25T20:21:53","slug":"cdl-surubim-participa-do-iii-encontro-de-comunicacao-da-fcdl-pe","status":"publish","type":"post","link":"https:\/\/cdlsurubim.com.br\/site\/2012\/04\/cdl-surubim-participa-do-iii-encontro-de-comunicacao-da-fcdl-pe\/","title":{"rendered":"CDL Surubim participa do III Encontro de Comunica\u00e7\u00e3o da FCDL-PE"},"content":{"rendered":"<p>Na \u00faltima quinta-feira (19), a FCDL-PE, com o apoio da CDL Timba\u00faba e do SPC Brasil, realizou o 3\u00ba Encontro de Comunica\u00e7\u00e3o das CDLs de PE. Um evento diferente das edi\u00e7\u00f5es passadas, onde o foco foi dado ao comercial das CDLs. A abertura do evento foi feita pelo presidente da FCDL, Adjar Soares, e pela presidente da CDL Timba\u00faba, Edileuza Pedrosa, que saudaram a todos e destacaram a import\u00e2ncia de um encontro como esse. <strong>Com a participa\u00e7\u00e3o da CDL Surubim <\/strong>entre outras CDLs do estado. Ronaldo Guimar\u00e3es, gerente de Neg\u00f3cios do SPC Brasil, esteve presente na ocasi\u00e3o e falou das novidades do sistema SPC, do marketing, dos produtos, al\u00e9m de tirar d\u00favidas dos presentes. Rhuan Torres, gerente de Comunica\u00e7\u00e3o e Relacionamento da FCDL-PE, e Fernando Martins, Gerente de TI da CDL Recife, tamb\u00e9m participaram do evento tirando d\u00favidas e apresentando novidades do movimento lojista de Pernambuco.<\/p>\n\n<div class=\"ngg-galleryoverview\" id=\"ngg-gallery-5-181\">\n\n\n\t\n\t<!-- Thumbnails -->\n\t\t\n\t<div id=\"ngg-image-12\" class=\"ngg-gallery-thumbnail-box\"  >\n\t\t<div class=\"ngg-gallery-thumbnail\" >\n\t\t\t<a href=\"https:\/\/cdlsurubim.com.br\/site\/wp-content\/gallery\/iii-encontro-de-comunicacao-da-fcdl-pe_1\/adjar.jpg\" title=\" \" class=\"thickbox\" rel=\"set_5\" >\n\t\t\t\t\t\t\t\t<img loading=\"lazy\" decoding=\"async\" title=\"adjar\" alt=\"adjar\" src=\"https:\/\/cdlsurubim.com.br\/site\/wp-content\/gallery\/iii-encontro-de-comunicacao-da-fcdl-pe_1\/thumbs\/thumbs_adjar.jpg\" width=\"100\" height=\"75\" \/>\n\t\t\t\t\t\t\t<\/a>\n\t\t<\/div>\n\t<\/div>\n\t\n\t\t\n \t\t\n\t<div id=\"ngg-image-13\" class=\"ngg-gallery-thumbnail-box\"  >\n\t\t<div class=\"ngg-gallery-thumbnail\" >\n\t\t\t<a href=\"https:\/\/cdlsurubim.com.br\/site\/wp-content\/gallery\/iii-encontro-de-comunicacao-da-fcdl-pe_1\/cdl-surubim.jpg\" title=\" \" class=\"thickbox\" rel=\"set_5\" >\n\t\t\t\t\t\t\t\t<img loading=\"lazy\" decoding=\"async\" title=\"cdl-surubim\" alt=\"cdl-surubim\" src=\"https:\/\/cdlsurubim.com.br\/site\/wp-content\/gallery\/iii-encontro-de-comunicacao-da-fcdl-pe_1\/thumbs\/thumbs_cdl-surubim.jpg\" width=\"100\" height=\"75\" \/>\n\t\t\t\t\t\t\t<\/a>\n\t\t<\/div>\n\t<\/div>\n\t\n\t\t\n \t \t\n\t<!-- Pagination -->\n \t<div class='ngg-clear'><\/div>\n \t\n<\/div>\n\n\n<p><a href=\"http:\/\/www.flickr.com\/photos\/fcdlpe\/\">http:\/\/www.flickr.com\/photos\/fcdlpe\/<\/a><\/p>\n<p align=\"right\">Fonte: FCDL -PE(adaptado)<\/p>\n","protected":false},"excerpt":{"rendered":"<p>Na \u00faltima quinta-feira (19), a FCDL-PE, com o apoio da CDL Timba\u00faba e do SPC Brasil, realizou o 3\u00ba Encontro de Comunica\u00e7\u00e3o das CDLs de PE. Um evento diferente das edi\u00e7\u00f5es passadas, onde o foco foi dado ao comercial das CDLs. A abertura do evento foi feita [&hellip;]<\/p>\n","protected":false},"author":2,"featured_media":182,"comment_status":"closed","ping_status":"open","sticky":false,"template":"","format":"standard","meta":{"footnotes":""},"categories":[4],"tags":[],"class_list":["post-181","post","type-post","status-publish","format-standard","has-post-thumbnail","hentry","category-noticias"],"_links":{"self":[{"href":"https:\/\/cdlsurubim.com.br\/site\/wp-json\/wp\/v2\/posts\/181","targetHints":{"allow":["GET"]}}],"collection":[{"href":"https:\/\/cdlsurubim.com.br\/site\/wp-json\/wp\/v2\/posts"}],"about":[{"href":"https:\/\/cdlsurubim.com.br\/site\/wp-json\/wp\/v2\/types\/post"}],"author":[{"embeddable":true,"href":"https:\/\/cdlsurubim.com.br\/site\/wp-json\/wp\/v2\/users\/2"}],"replies":[{"embeddable":true,"href":"https:\/\/cdlsurubim.com.br\/site\/wp-json\/wp\/v2\/comments?post=181"}],"version-history":[{"count":6,"href":"https:\/\/cdlsurubim.com.br\/site\/wp-json\/wp\/v2\/posts\/181\/revisions"}],"predecessor-version":[{"id":184,"href":"https:\/\/cdlsurubim.com.br\/site\/wp-json\/wp\/v2\/posts\/181\/revisions\/184"}],"wp:featuredmedia":[{"embeddable":true,"href":"https:\/\/cdlsurubim.com.br\/site\/wp-json\/wp\/v2\/media\/182"}],"wp:attachment":[{"href":"https:\/\/cdlsurubim.com.br\/site\/wp-json\/wp\/v2\/media?parent=181"}],"wp:term":[{"taxonomy":"category","embeddable":true,"href":"https:\/\/cdlsurubim.com.br\/site\/wp-json\/wp\/v2\/categories?post=181"},{"taxonomy":"post_tag","embeddable":true,"href":"https:\/\/cdlsurubim.com.br\/site\/wp-json\/wp\/v2\/tags?post=181"}],"curies":[{"name":"wp","href":"https:\/\/api.w.org\/{rel}","templated":true}]}}