{"id":1773,"date":"2017-06-07T13:14:35","date_gmt":"2017-06-07T16:14:35","guid":{"rendered":"http:\/\/cdlsurubim.com.br\/site\/?p=1773"},"modified":"2017-06-07T13:21:02","modified_gmt":"2017-06-07T16:21:02","slug":"comunicado-cdl-15-de-junho-de-2017-sera-feriado-em-surubim-em-virtude-do-dia-de-corpus-christi-dia-24-de-junho-nao-e-feriado-no-municipio","status":"publish","type":"post","link":"https:\/\/cdlsurubim.com.br\/site\/2017\/06\/comunicado-cdl-15-de-junho-de-2017-sera-feriado-em-surubim-em-virtude-do-dia-de-corpus-christi-dia-24-de-junho-nao-e-feriado-no-municipio\/","title":{"rendered":"Comunicado CDL: 15 de junho de 2017 ser\u00e1 feriado em Surubim, em virtude do Dia de Corpus Christi. Dia 24 de junho n\u00e3o \u00e9 feriado no munic\u00edpio"},"content":{"rendered":"<p style=\"text-align: justify;\">A C\u00e2mara de Dirigentes Lojistas de Surubim (CDL) vem atrav\u00e9s deste, informar sobre o funcionamento no Feriado de Corpus Christi (15\/06) e Dia de S\u00e3o Jo\u00e3o (24\/06).<\/p>\n<p style=\"text-align: justify;\"><strong>Feriado Religioso de Corpus Christi \u2013 15-06-2017<\/strong><\/p>\n<p style=\"text-align: justify;\">De acordo com a Lei Municipal 499\/2014, no dia 15 de junho do corrente ano \u00e9 feriado religioso no munic\u00edpio de Surubim (Corpus Christi). As lojas que pretendem abrir devem fazer o contato pr\u00e9vio com o Sindicato dos Comerci\u00e1rios solicitando autoriza\u00e7\u00e3o de funcionamento. Mais informa\u00e7\u00f5es devem ligar na sede do SINDECOM (81) 3634.1141. No feriado citado, a entidade n\u00e3o ter\u00e1 expediente.<\/p>\n<p style=\"text-align: justify;\"><strong>Dia de S\u00e3o Jo\u00e3o \u2013 24-06-2017<\/strong><\/p>\n<p style=\"text-align: justify;\">Sobre o Dia de S\u00e3o Jo\u00e3o que \u00e9 celebrado no dia 24\/06, em <strong>Surubim n\u00e3o \u00e9 feriado<\/strong>, como tamb\u00e9m n\u00e3o ser\u00e1 decretado por parte do poder executivo. O Com\u00e9rcio de Surubim e a feira livre funcionar\u00e3o normalmente.<\/p>\n","protected":false},"excerpt":{"rendered":"<p>A C\u00e2mara de Dirigentes Lojistas de Surubim (CDL) vem atrav\u00e9s deste, informar sobre o funcionamento no Feriado de Corpus Christi (15\/06) e Dia de S\u00e3o Jo\u00e3o (24\/06). Feriado Religioso de Corpus Christi \u2013 15-06-2017 De acordo com a Lei Municipal 499\/2014, no dia 15 de junho do [&hellip;]<\/p>\n","protected":false},"author":2,"featured_media":1775,"comment_status":"closed","ping_status":"open","sticky":false,"template":"","format":"standard","meta":{"footnotes":""},"categories":[4],"tags":[],"class_list":["post-1773","post","type-post","status-publish","format-standard","has-post-thumbnail","hentry","category-noticias"],"_links":{"self":[{"href":"https:\/\/cdlsurubim.com.br\/site\/wp-json\/wp\/v2\/posts\/1773","targetHints":{"allow":["GET"]}}],"collection":[{"href":"https:\/\/cdlsurubim.com.br\/site\/wp-json\/wp\/v2\/posts"}],"about":[{"href":"https:\/\/cdlsurubim.com.br\/site\/wp-json\/wp\/v2\/types\/post"}],"author":[{"embeddable":true,"href":"https:\/\/cdlsurubim.com.br\/site\/wp-json\/wp\/v2\/users\/2"}],"replies":[{"embeddable":true,"href":"https:\/\/cdlsurubim.com.br\/site\/wp-json\/wp\/v2\/comments?post=1773"}],"version-history":[{"count":1,"href":"https:\/\/cdlsurubim.com.br\/site\/wp-json\/wp\/v2\/posts\/1773\/revisions"}],"predecessor-version":[{"id":1774,"href":"https:\/\/cdlsurubim.com.br\/site\/wp-json\/wp\/v2\/posts\/1773\/revisions\/1774"}],"wp:featuredmedia":[{"embeddable":true,"href":"https:\/\/cdlsurubim.com.br\/site\/wp-json\/wp\/v2\/media\/1775"}],"wp:attachment":[{"href":"https:\/\/cdlsurubim.com.br\/site\/wp-json\/wp\/v2\/media?parent=1773"}],"wp:term":[{"taxonomy":"category","embeddable":true,"href":"https:\/\/cdlsurubim.com.br\/site\/wp-json\/wp\/v2\/categories?post=1773"},{"taxonomy":"post_tag","embeddable":true,"href":"https:\/\/cdlsurubim.com.br\/site\/wp-json\/wp\/v2\/tags?post=1773"}],"curies":[{"name":"wp","href":"https:\/\/api.w.org\/{rel}","templated":true}]}}