{"id":1717,"date":"2017-03-06T17:06:03","date_gmt":"2017-03-06T20:06:03","guid":{"rendered":"http:\/\/cdlsurubim.com.br\/site\/?p=1717"},"modified":"2017-03-06T17:06:03","modified_gmt":"2017-03-06T20:06:03","slug":"convite-sindicato-dos-trabalhadores-rurais-de-surubim-realiza-audiencia-publica-sobre-reforma-da-previdencia-nesta-quarta-feira-08","status":"publish","type":"post","link":"https:\/\/cdlsurubim.com.br\/site\/2017\/03\/convite-sindicato-dos-trabalhadores-rurais-de-surubim-realiza-audiencia-publica-sobre-reforma-da-previdencia-nesta-quarta-feira-08\/","title":{"rendered":"Convite | Sindicato dos Trabalhadores Rurais de Surubim realiza Audi\u00eancia P\u00fablica sobre Reforma da Previd\u00eancia, nesta quarta-feira (08)"},"content":{"rendered":"<p style=\"text-align: justify;\">O Sindicato dos Trabalhadores Rurais de Surubim tem a honra de convidar Vossa Senhoria para participar deste momento de debate Democr\u00e1tico. A Audi\u00eancia P\u00fablica sobre Reforma da Previd\u00eancia acontece nesta quarta-feira (08), a partir das 08h30, na C\u00e2mara de Vereadores de Surubim. Mais informa\u00e7\u00f5es: (81) 3634.1479.<\/p>\n<p style=\"text-align: justify;\"><a href=\"http:\/\/cdlsurubim.com.br\/site\/wp-content\/uploads\/2017\/03\/SINDICATO-TRABALHADORES-RURAIS-DE-SURUBIM.jpg\" rel=\"attachment wp-att-1718\"><img loading=\"lazy\" decoding=\"async\" class=\"aligncenter  wp-image-1718\" src=\"http:\/\/cdlsurubim.com.br\/site\/wp-content\/uploads\/2017\/03\/SINDICATO-TRABALHADORES-RURAIS-DE-SURUBIM-300x197.jpg\" alt=\"SINDICATO - TRABALHADORES  RURAIS DE SURUBIM\" width=\"503\" height=\"330\" srcset=\"https:\/\/cdlsurubim.com.br\/site\/wp-content\/uploads\/2017\/03\/SINDICATO-TRABALHADORES-RURAIS-DE-SURUBIM-300x197.jpg 300w, https:\/\/cdlsurubim.com.br\/site\/wp-content\/uploads\/2017\/03\/SINDICATO-TRABALHADORES-RURAIS-DE-SURUBIM-768x505.jpg 768w, https:\/\/cdlsurubim.com.br\/site\/wp-content\/uploads\/2017\/03\/SINDICATO-TRABALHADORES-RURAIS-DE-SURUBIM-1024x674.jpg 1024w\" sizes=\"auto, (max-width: 503px) 100vw, 503px\" \/><\/a><\/p>\n","protected":false},"excerpt":{"rendered":"<p>O Sindicato dos Trabalhadores Rurais de Surubim tem a honra de convidar Vossa Senhoria para participar deste momento de debate Democr\u00e1tico. A Audi\u00eancia P\u00fablica sobre Reforma da Previd\u00eancia acontece nesta quarta-feira (08), a partir das 08h30, na C\u00e2mara de Vereadores de Surubim. Mais informa\u00e7\u00f5es: (81) 3634.1479.<\/p>\n","protected":false},"author":2,"featured_media":1718,"comment_status":"closed","ping_status":"open","sticky":false,"template":"","format":"standard","meta":{"footnotes":""},"categories":[4],"tags":[],"class_list":["post-1717","post","type-post","status-publish","format-standard","has-post-thumbnail","hentry","category-noticias"],"_links":{"self":[{"href":"https:\/\/cdlsurubim.com.br\/site\/wp-json\/wp\/v2\/posts\/1717","targetHints":{"allow":["GET"]}}],"collection":[{"href":"https:\/\/cdlsurubim.com.br\/site\/wp-json\/wp\/v2\/posts"}],"about":[{"href":"https:\/\/cdlsurubim.com.br\/site\/wp-json\/wp\/v2\/types\/post"}],"author":[{"embeddable":true,"href":"https:\/\/cdlsurubim.com.br\/site\/wp-json\/wp\/v2\/users\/2"}],"replies":[{"embeddable":true,"href":"https:\/\/cdlsurubim.com.br\/site\/wp-json\/wp\/v2\/comments?post=1717"}],"version-history":[{"count":1,"href":"https:\/\/cdlsurubim.com.br\/site\/wp-json\/wp\/v2\/posts\/1717\/revisions"}],"predecessor-version":[{"id":1719,"href":"https:\/\/cdlsurubim.com.br\/site\/wp-json\/wp\/v2\/posts\/1717\/revisions\/1719"}],"wp:featuredmedia":[{"embeddable":true,"href":"https:\/\/cdlsurubim.com.br\/site\/wp-json\/wp\/v2\/media\/1718"}],"wp:attachment":[{"href":"https:\/\/cdlsurubim.com.br\/site\/wp-json\/wp\/v2\/media?parent=1717"}],"wp:term":[{"taxonomy":"category","embeddable":true,"href":"https:\/\/cdlsurubim.com.br\/site\/wp-json\/wp\/v2\/categories?post=1717"},{"taxonomy":"post_tag","embeddable":true,"href":"https:\/\/cdlsurubim.com.br\/site\/wp-json\/wp\/v2\/tags?post=1717"}],"curies":[{"name":"wp","href":"https:\/\/api.w.org\/{rel}","templated":true}]}}