{"id":1701,"date":"2017-01-26T07:56:41","date_gmt":"2017-01-26T10:56:41","guid":{"rendered":"http:\/\/cdlsurubim.com.br\/site\/?p=1701"},"modified":"2017-01-26T07:56:41","modified_gmt":"2017-01-26T10:56:41","slug":"presidente-da-cdl-se-reune-com-representantes-da-prefeitura-de-surubim","status":"publish","type":"post","link":"https:\/\/cdlsurubim.com.br\/site\/2017\/01\/presidente-da-cdl-se-reune-com-representantes-da-prefeitura-de-surubim\/","title":{"rendered":"Presidente da CDL se re\u00fane com representantes da prefeitura de Surubim"},"content":{"rendered":"<p style=\"text-align: justify;\">A prefeitura de Surubim e a C\u00e2mara de Dirigentes Lojistas-CDL realizaram nesta quarta-feira (25) uma reuni\u00e3o para debater a seguran\u00e7a na cidade. Participaram da reuni\u00e3o a prefeita Ana C\u00e9lia, a presidente da CDL-Surubim Roberta Aguiar, o secret\u00e1rio municipal de Defesa Social, coronel Jos\u00e9 Lopes, o secret\u00e1rio de Agricultura e Desenvolvimento Econ\u00f4mico Eduardo Bezerra, o diretor de Ind\u00fastria e Com\u00e9rcio Filipe Silva, al\u00e9m do diretor de Esportes da pasta, L\u00facio Fabr\u00edcio.<\/p>\n<p style=\"text-align: justify;\">\nA presidente da CDL apresentou \u00e0 prefeita Ana C\u00e9lia uma s\u00e9rie de reivindica\u00e7\u00f5es dos comerciantes locais no sentido de melhorar a seguran\u00e7a, principalmente, no centro da cidade, cujas lojas t\u00eam sido alvo constante de investidas de assaltantes. A representante da C\u00e2mara solicitou, ainda, \u00e0 prefeitura isen\u00e7\u00e3o do ISS para emiss\u00e3o de notas fiscais por parte da CDL, al\u00e9m de uma maior aten\u00e7\u00e3o ao ordenamento dos feriados e da organiza\u00e7\u00e3o da feira local.<\/p>\n<p style=\"text-align: justify;\">\nA prefeita Ana C\u00e9lia deu garantias \u00e0 empres\u00e1ria de que a prefeitura vai tomar todas as provid\u00eancias poss\u00edveis para minimizar a situa\u00e7\u00e3o da inseguran\u00e7a no com\u00e9rcio local, bem como criar novas a\u00e7\u00f5es de enfrentamento ao problema, destacando \u201ca disposi\u00e7\u00e3o da prefeitura em ajudar e registrar a import\u00e2ncia da integra\u00e7\u00e3o e parceria com os empres\u00e1rios em um assunto t\u00e3o delicado\u201d.<\/p>\n<p style=\"text-align: justify;\">\nO secret\u00e1rio municipal de Defesa Social, coronel Jos\u00e9 Lopes, informou que j\u00e1 est\u00e3o sendo planejadas, junto ao comando do 22\u00ba Batalh\u00e3o, diversas a\u00e7\u00f5es no combate aos criminosos que t\u00eam realizado assaltos no centro de Surubim. Ele anunciou, ainda, que est\u00e1 em elabora\u00e7\u00e3o um programa municipal nos moldes do Pacto pela Vida, que deve reunir pelo menos uma vez por m\u00eas diversos setores da sociedade civil para debater o assunto, al\u00e9m da realiza\u00e7\u00e3o de um monitoramento di\u00e1rio nos bairros da cidade.<\/p>\n<p style=\"text-align: justify;\">\nNa reuni\u00e3o, ficou acertado um novo encontro para o dia 8 de fevereiro, que contar\u00e1 com as presen\u00e7as da prefeita Ana C\u00e9lia, da CDL, de representantes da delegacia regional da Pol\u00edcia Civil, do novo comando da Pol\u00edcia Militar para a regi\u00e3o, da secretaria municipal de Defesa Social, al\u00e9m de representantes da delegacia local.<\/p>\n<p style=\"text-align: justify;\">Texto e foto: ASCOM Surubim<\/p>\n","protected":false},"excerpt":{"rendered":"<p>A prefeitura de Surubim e a C\u00e2mara de Dirigentes Lojistas-CDL realizaram nesta quarta-feira (25) uma reuni\u00e3o para debater a seguran\u00e7a na cidade. Participaram da reuni\u00e3o a prefeita Ana C\u00e9lia, a presidente da CDL-Surubim Roberta Aguiar, o secret\u00e1rio municipal de Defesa Social, coronel Jos\u00e9 Lopes, o secret\u00e1rio de [&hellip;]<\/p>\n","protected":false},"author":2,"featured_media":1702,"comment_status":"closed","ping_status":"open","sticky":false,"template":"","format":"standard","meta":{"footnotes":""},"categories":[4],"tags":[133,96,81,213,61],"class_list":["post-1701","post","type-post","status-publish","format-standard","has-post-thumbnail","hentry","category-noticias","tag-acoes-cdl-surubim","tag-destaque","tag-noticias-cdl-surubim","tag-roberta","tag-roberta-keila-de-aguiar-e-silva-queiroz"],"_links":{"self":[{"href":"https:\/\/cdlsurubim.com.br\/site\/wp-json\/wp\/v2\/posts\/1701","targetHints":{"allow":["GET"]}}],"collection":[{"href":"https:\/\/cdlsurubim.com.br\/site\/wp-json\/wp\/v2\/posts"}],"about":[{"href":"https:\/\/cdlsurubim.com.br\/site\/wp-json\/wp\/v2\/types\/post"}],"author":[{"embeddable":true,"href":"https:\/\/cdlsurubim.com.br\/site\/wp-json\/wp\/v2\/users\/2"}],"replies":[{"embeddable":true,"href":"https:\/\/cdlsurubim.com.br\/site\/wp-json\/wp\/v2\/comments?post=1701"}],"version-history":[{"count":1,"href":"https:\/\/cdlsurubim.com.br\/site\/wp-json\/wp\/v2\/posts\/1701\/revisions"}],"predecessor-version":[{"id":1703,"href":"https:\/\/cdlsurubim.com.br\/site\/wp-json\/wp\/v2\/posts\/1701\/revisions\/1703"}],"wp:featuredmedia":[{"embeddable":true,"href":"https:\/\/cdlsurubim.com.br\/site\/wp-json\/wp\/v2\/media\/1702"}],"wp:attachment":[{"href":"https:\/\/cdlsurubim.com.br\/site\/wp-json\/wp\/v2\/media?parent=1701"}],"wp:term":[{"taxonomy":"category","embeddable":true,"href":"https:\/\/cdlsurubim.com.br\/site\/wp-json\/wp\/v2\/categories?post=1701"},{"taxonomy":"post_tag","embeddable":true,"href":"https:\/\/cdlsurubim.com.br\/site\/wp-json\/wp\/v2\/tags?post=1701"}],"curies":[{"name":"wp","href":"https:\/\/api.w.org\/{rel}","templated":true}]}}