{"id":1663,"date":"2016-11-03T18:33:40","date_gmt":"2016-11-03T21:33:40","guid":{"rendered":"http:\/\/cdlsurubim.com.br\/site\/?p=1663"},"modified":"2016-11-03T18:35:53","modified_gmt":"2016-11-03T21:35:53","slug":"cdl-emite-nota-de-pesar-pela-morte-do-empresario-salomao-leal","status":"publish","type":"post","link":"https:\/\/cdlsurubim.com.br\/site\/2016\/11\/cdl-emite-nota-de-pesar-pela-morte-do-empresario-salomao-leal\/","title":{"rendered":"CDL emite nota de pesar pela morte do empres\u00e1rio Salom\u00e3o Leal"},"content":{"rendered":"<p style=\"text-align: justify;\">A C\u00e2mara de Dirigentes Lojistas de Surubim, em nome de sua presidente, Roberta Aguiar, diretores e colaboradores, v\u00eam de p\u00fablico manifestar o mais profundo pesar pelo falecimento do empres\u00e1rio Salom\u00e3o Barbosa Leal, ocorrido nesta quinta-feira (3).<\/p>\n<p style=\"text-align: justify;\">A CDL aproveita a oportunidade para agradecer a importante colabora\u00e7\u00e3o de Salom\u00e3o Leal ao movimento lojista do munic\u00edpio, ele que foi Conselheiro Fiscal da entidade durante os anos de 1998 a 2003. Muito respeitosamente, prestamos as nossas condol\u00eancias e deixamos os nossos mais sinceros p\u00easames.<\/p>\n<div id=\"attachment_1666\" style=\"width: 478px\" class=\"wp-caption aligncenter\"><a href=\"http:\/\/cdlsurubim.com.br\/site\/wp-content\/uploads\/2016\/11\/SALOMAO-LUTO.jpg\" rel=\"attachment wp-att-1666\"><img loading=\"lazy\" decoding=\"async\" aria-describedby=\"caption-attachment-1666\" class=\"wp-image-1666\" src=\"http:\/\/cdlsurubim.com.br\/site\/wp-content\/uploads\/2016\/11\/SALOMAO-LUTO-300x193.jpg\" alt=\"SALOMAO - LUTO\" width=\"468\" height=\"301\" srcset=\"https:\/\/cdlsurubim.com.br\/site\/wp-content\/uploads\/2016\/11\/SALOMAO-LUTO-300x193.jpg 300w, https:\/\/cdlsurubim.com.br\/site\/wp-content\/uploads\/2016\/11\/SALOMAO-LUTO-768x495.jpg 768w, https:\/\/cdlsurubim.com.br\/site\/wp-content\/uploads\/2016\/11\/SALOMAO-LUTO-1024x659.jpg 1024w, https:\/\/cdlsurubim.com.br\/site\/wp-content\/uploads\/2016\/11\/SALOMAO-LUTO.jpg 1191w\" sizes=\"auto, (max-width: 468px) 100vw, 468px\" \/><\/a><p id=\"caption-attachment-1666\" class=\"wp-caption-text\">O Sr. Salom\u00e3o Leal junto com outros diretores realizando a entrega de um pr\u00eamio em virtude do 2\u00ba Festival de Pr\u00eamios da CDL no ano de 1999.<\/p><\/div>\n<div id=\"attachment_1665\" style=\"width: 281px\" class=\"wp-caption aligncenter\"><img loading=\"lazy\" decoding=\"async\" aria-describedby=\"caption-attachment-1665\" class=\"wp-image-1665\" src=\"http:\/\/cdlsurubim.com.br\/site\/wp-content\/uploads\/2016\/11\/SALOMAO-LUTO-1-225x300.jpg\" alt=\"SALOMAO - LUTO 1\" width=\"271\" height=\"361\" srcset=\"https:\/\/cdlsurubim.com.br\/site\/wp-content\/uploads\/2016\/11\/SALOMAO-LUTO-1-225x300.jpg 225w, https:\/\/cdlsurubim.com.br\/site\/wp-content\/uploads\/2016\/11\/SALOMAO-LUTO-1.jpg 576w\" sizes=\"auto, (max-width: 271px) 100vw, 271px\" \/><p id=\"caption-attachment-1665\" class=\"wp-caption-text\">O Sr. Salom\u00e3o Leal realizando a entrega de um pr\u00eamio em virtude do Compra Surubim da CDL no ano de 2015.<\/p><\/div>\n","protected":false},"excerpt":{"rendered":"<p>A C\u00e2mara de Dirigentes Lojistas de Surubim, em nome de sua presidente, Roberta Aguiar, diretores e colaboradores, v\u00eam de p\u00fablico manifestar o mais profundo pesar pelo falecimento do empres\u00e1rio Salom\u00e3o Barbosa Leal, ocorrido nesta quinta-feira (3). A CDL aproveita a oportunidade para agradecer a importante colabora\u00e7\u00e3o de [&hellip;]<\/p>\n","protected":false},"author":2,"featured_media":1664,"comment_status":"closed","ping_status":"open","sticky":false,"template":"","format":"standard","meta":{"footnotes":""},"categories":[4],"tags":[],"class_list":["post-1663","post","type-post","status-publish","format-standard","has-post-thumbnail","hentry","category-noticias"],"_links":{"self":[{"href":"https:\/\/cdlsurubim.com.br\/site\/wp-json\/wp\/v2\/posts\/1663","targetHints":{"allow":["GET"]}}],"collection":[{"href":"https:\/\/cdlsurubim.com.br\/site\/wp-json\/wp\/v2\/posts"}],"about":[{"href":"https:\/\/cdlsurubim.com.br\/site\/wp-json\/wp\/v2\/types\/post"}],"author":[{"embeddable":true,"href":"https:\/\/cdlsurubim.com.br\/site\/wp-json\/wp\/v2\/users\/2"}],"replies":[{"embeddable":true,"href":"https:\/\/cdlsurubim.com.br\/site\/wp-json\/wp\/v2\/comments?post=1663"}],"version-history":[{"count":2,"href":"https:\/\/cdlsurubim.com.br\/site\/wp-json\/wp\/v2\/posts\/1663\/revisions"}],"predecessor-version":[{"id":1668,"href":"https:\/\/cdlsurubim.com.br\/site\/wp-json\/wp\/v2\/posts\/1663\/revisions\/1668"}],"wp:featuredmedia":[{"embeddable":true,"href":"https:\/\/cdlsurubim.com.br\/site\/wp-json\/wp\/v2\/media\/1664"}],"wp:attachment":[{"href":"https:\/\/cdlsurubim.com.br\/site\/wp-json\/wp\/v2\/media?parent=1663"}],"wp:term":[{"taxonomy":"category","embeddable":true,"href":"https:\/\/cdlsurubim.com.br\/site\/wp-json\/wp\/v2\/categories?post=1663"},{"taxonomy":"post_tag","embeddable":true,"href":"https:\/\/cdlsurubim.com.br\/site\/wp-json\/wp\/v2\/tags?post=1663"}],"curies":[{"name":"wp","href":"https:\/\/api.w.org\/{rel}","templated":true}]}}