{"id":1519,"date":"2016-03-17T17:01:43","date_gmt":"2016-03-17T20:01:43","guid":{"rendered":"http:\/\/cdlsurubim.com.br\/site\/?p=1519"},"modified":"2016-03-17T17:01:43","modified_gmt":"2016-03-17T20:01:43","slug":"comunicado-cdl-surubim-19-de-marco-feriado-municipal-de-surubim-dia-de-sao-jose-2","status":"publish","type":"post","link":"https:\/\/cdlsurubim.com.br\/site\/2016\/03\/comunicado-cdl-surubim-19-de-marco-feriado-municipal-de-surubim-dia-de-sao-jose-2\/","title":{"rendered":"Comunicado CDL Surubim: 19 de mar\u00e7o, feriado municipal de Surubim, dia de S\u00e3o Jos\u00e9"},"content":{"rendered":"<p style=\"text-align: justify;\">A C\u00e2mara de Dirigentes Lojistas de Surubim (CDL Surubim) comunica a todos os associados e comunidade em geral que, em virtude do feriado religioso, dia de S\u00e3o Jos\u00e9, a entidade n\u00e3o estar\u00e1 funcionando pr\u00f3ximo s\u00e1bado, 19 de mar\u00e7o. Informa ainda que retorna na segunda-feira (21) com expediente normal, a partir das 08h.\u00a0Contudo, o feriado n\u00e3o impede que algum lojista possa abrir seu com\u00e9rcio. Por\u00e9m, os direitos trabalhistas devem ser pagos de acordo com a legisla\u00e7\u00e3o.<\/p>\n","protected":false},"excerpt":{"rendered":"<p>A C\u00e2mara de Dirigentes Lojistas de Surubim (CDL Surubim) comunica a todos os associados e comunidade em geral que, em virtude do feriado religioso, dia de S\u00e3o Jos\u00e9, a entidade n\u00e3o estar\u00e1 funcionando pr\u00f3ximo s\u00e1bado, 19 de mar\u00e7o. Informa ainda que retorna na segunda-feira (21) com expediente [&hellip;]<\/p>\n","protected":false},"author":2,"featured_media":1199,"comment_status":"closed","ping_status":"open","sticky":false,"template":"","format":"standard","meta":{"footnotes":""},"categories":[4],"tags":[73,62,95,51,83,164],"class_list":["post-1519","post","type-post","status-publish","format-standard","has-post-thumbnail","hentry","category-noticias","tag-associativismo","tag-blog-negocios-informes","tag-comercio-de-surubim","tag-dia-de-sao-jose","tag-feriado-em-surubim","tag-noticias-surubim"],"_links":{"self":[{"href":"https:\/\/cdlsurubim.com.br\/site\/wp-json\/wp\/v2\/posts\/1519","targetHints":{"allow":["GET"]}}],"collection":[{"href":"https:\/\/cdlsurubim.com.br\/site\/wp-json\/wp\/v2\/posts"}],"about":[{"href":"https:\/\/cdlsurubim.com.br\/site\/wp-json\/wp\/v2\/types\/post"}],"author":[{"embeddable":true,"href":"https:\/\/cdlsurubim.com.br\/site\/wp-json\/wp\/v2\/users\/2"}],"replies":[{"embeddable":true,"href":"https:\/\/cdlsurubim.com.br\/site\/wp-json\/wp\/v2\/comments?post=1519"}],"version-history":[{"count":1,"href":"https:\/\/cdlsurubim.com.br\/site\/wp-json\/wp\/v2\/posts\/1519\/revisions"}],"predecessor-version":[{"id":1520,"href":"https:\/\/cdlsurubim.com.br\/site\/wp-json\/wp\/v2\/posts\/1519\/revisions\/1520"}],"wp:featuredmedia":[{"embeddable":true,"href":"https:\/\/cdlsurubim.com.br\/site\/wp-json\/wp\/v2\/media\/1199"}],"wp:attachment":[{"href":"https:\/\/cdlsurubim.com.br\/site\/wp-json\/wp\/v2\/media?parent=1519"}],"wp:term":[{"taxonomy":"category","embeddable":true,"href":"https:\/\/cdlsurubim.com.br\/site\/wp-json\/wp\/v2\/categories?post=1519"},{"taxonomy":"post_tag","embeddable":true,"href":"https:\/\/cdlsurubim.com.br\/site\/wp-json\/wp\/v2\/tags?post=1519"}],"curies":[{"name":"wp","href":"https:\/\/api.w.org\/{rel}","templated":true}]}}