{"id":1018,"date":"2015-01-07T10:52:27","date_gmt":"2015-01-07T13:52:27","guid":{"rendered":"http:\/\/cdlsurubim.com.br\/site\/?p=1018"},"modified":"2015-01-07T10:52:27","modified_gmt":"2015-01-07T13:52:27","slug":"cdl-lanca-campanha-%e2%80%9cliquida-surubim%e2%80%9d","status":"publish","type":"post","link":"https:\/\/cdlsurubim.com.br\/site\/2015\/01\/cdl-lanca-campanha-%e2%80%9cliquida-surubim%e2%80%9d\/","title":{"rendered":"CDL lan\u00e7a campanha \u201cLiquida Surubim\u201d"},"content":{"rendered":"<p style=\"text-align: justify;\">Objetivando estimular as vendas num per\u00edodo tradicionalmente de redu\u00e7\u00e3o e impulsionar o com\u00e9rcio local, a C\u00e2mara de Dirigentes Lojistas lan\u00e7a a Campanha \u201cLiquida Surubim\u201d, no per\u00edodo de 12 a 31 de janeiro.<\/p>\n<p style=\"text-align: justify;\">A liquida\u00e7\u00e3o tem como objetivo acabar com o estoque. As Lojas aderem, quando tem produtos acumulados e precisam \u201cliquid\u00e1-los\u201d para dar lugar a outros itens ou vers\u00f5es atualizadas dos mesmos produtos.<\/p>\n<p style=\"text-align: justify;\">A proposta da campanha \u00e9 envolver todo o com\u00e9rcio, dos mais diferentes segmentos de produtos e servi\u00e7os. Cada tipo de neg\u00f3cio tem uma margem de lucro diferente e por isso n\u00e3o vamos especificar o percentual de desconto. De acordo com a presidente da CDL Surubim, Roberta Aguiar, ser\u00e1 uma \u00f3tima oportunidade para as lojas participantes renovarem seus estoques, fazerem bons neg\u00f3cios e deixarem seus clientes satisfeitos. \u201cClientes estes, que ficam ansiosos com vantagens favor\u00e1veis ao consumo. Al\u00e9m disto, \u00e9 uma excelente a\u00e7\u00e3o para fidelizar o consumidor.\u201d Concluiu Roberta.<\/p>\n<p style=\"text-align: justify;\">As empresas para participarem, precisam ser filiadas \u00e0 CDL Surubim e assinar um termo de ades\u00e3o, al\u00e9m de receber o kit da liquida\u00e7\u00e3o. A divulga\u00e7\u00e3o ser\u00e1 refor\u00e7ada entre diversos ve\u00edculos de comunica\u00e7\u00e3o, blogs da regi\u00e3o, carros de som, r\u00e1dios e redes sociais.<br \/>\nMais informa\u00e7\u00f5es: (81) 3634-1607 \/ 3634.1608 ou em nossa sede administrativa, Av. Agamenon Magalh\u00e3es, 272, Centro, Surubim-PE.<\/p>\n<div id=\"attachment_1020\" style=\"width: 460px\" class=\"wp-caption aligncenter\"><a href=\"http:\/\/cdlsurubim.com.br\/site\/wp-content\/uploads\/2015\/01\/liquida-cdl-surubim-2015.jpg\"><img loading=\"lazy\" decoding=\"async\" aria-describedby=\"caption-attachment-1020\" class=\"size-large wp-image-1020 \" title=\"liquida-cdl-surubim-2015\" src=\"http:\/\/cdlsurubim.com.br\/site\/wp-content\/uploads\/2015\/01\/liquida-cdl-surubim-2015-1024x423.jpg\" alt=\"\" width=\"450\" height=\"130\" \/><\/a><p id=\"caption-attachment-1020\" class=\"wp-caption-text\">Imagem: Divulga\u00e7\u00e3o \/ Meramente Ilustrativa<\/p><\/div>\n","protected":false},"excerpt":{"rendered":"<p>Objetivando estimular as vendas num per\u00edodo tradicionalmente de redu\u00e7\u00e3o e impulsionar o com\u00e9rcio local, a C\u00e2mara de Dirigentes Lojistas lan\u00e7a a Campanha \u201cLiquida Surubim\u201d, no per\u00edodo de 12 a 31 de janeiro. A liquida\u00e7\u00e3o tem como objetivo acabar com o estoque. As Lojas aderem, quando tem produtos [&hellip;]<\/p>\n","protected":false},"author":2,"featured_media":1020,"comment_status":"closed","ping_status":"open","sticky":false,"template":"","format":"standard","meta":{"footnotes":""},"categories":[4],"tags":[73,65,71,72,70,192],"class_list":["post-1018","post","type-post","status-publish","format-standard","has-post-thumbnail","hentry","category-noticias","tag-associativismo","tag-blog-negocios","tag-campanha-liquida-surubim","tag-cdl-lanca-campanha-liquida-surubim","tag-liquida-surubim","tag-noticias"],"_links":{"self":[{"href":"https:\/\/cdlsurubim.com.br\/site\/wp-json\/wp\/v2\/posts\/1018","targetHints":{"allow":["GET"]}}],"collection":[{"href":"https:\/\/cdlsurubim.com.br\/site\/wp-json\/wp\/v2\/posts"}],"about":[{"href":"https:\/\/cdlsurubim.com.br\/site\/wp-json\/wp\/v2\/types\/post"}],"author":[{"embeddable":true,"href":"https:\/\/cdlsurubim.com.br\/site\/wp-json\/wp\/v2\/users\/2"}],"replies":[{"embeddable":true,"href":"https:\/\/cdlsurubim.com.br\/site\/wp-json\/wp\/v2\/comments?post=1018"}],"version-history":[{"count":6,"href":"https:\/\/cdlsurubim.com.br\/site\/wp-json\/wp\/v2\/posts\/1018\/revisions"}],"predecessor-version":[{"id":1025,"href":"https:\/\/cdlsurubim.com.br\/site\/wp-json\/wp\/v2\/posts\/1018\/revisions\/1025"}],"wp:featuredmedia":[{"embeddable":true,"href":"https:\/\/cdlsurubim.com.br\/site\/wp-json\/wp\/v2\/media\/1020"}],"wp:attachment":[{"href":"https:\/\/cdlsurubim.com.br\/site\/wp-json\/wp\/v2\/media?parent=1018"}],"wp:term":[{"taxonomy":"category","embeddable":true,"href":"https:\/\/cdlsurubim.com.br\/site\/wp-json\/wp\/v2\/categories?post=1018"},{"taxonomy":"post_tag","embeddable":true,"href":"https:\/\/cdlsurubim.com.br\/site\/wp-json\/wp\/v2\/tags?post=1018"}],"curies":[{"name":"wp","href":"https:\/\/api.w.org\/{rel}","templated":true}]}}