{"id":1007,"date":"2014-12-19T11:21:22","date_gmt":"2014-12-19T14:21:22","guid":{"rendered":"http:\/\/cdlsurubim.com.br\/site\/?p=1007"},"modified":"2014-12-21T08:22:27","modified_gmt":"2014-12-21T11:22:27","slug":"cdl-surubim-empossa-nova-diretoria-para-o-trienio-2015-2017","status":"publish","type":"post","link":"https:\/\/cdlsurubim.com.br\/site\/2014\/12\/cdl-surubim-empossa-nova-diretoria-para-o-trienio-2015-2017\/","title":{"rendered":"CDL Surubim empossa nova Diretoria para o tri\u00eanio 2015-2017"},"content":{"rendered":"<p style=\"text-align: center;\"><a href=\"http:\/\/cdlsurubim.com.br\/site\/wp-content\/uploads\/2014\/12\/diretoria-cdl-surubim-2015-2017-blog-negocios-e-informes.jpg\"><img loading=\"lazy\" decoding=\"async\" class=\"size-medium wp-image-1008\" title=\"diretoria-cdl-surubim-2015-2017-blog-negocios-e-informes\" src=\"http:\/\/cdlsurubim.com.br\/site\/wp-content\/uploads\/2014\/12\/diretoria-cdl-surubim-2015-2017-blog-negocios-e-informes-300x225.jpg\" alt=\"\" width=\"300\" height=\"225\" srcset=\"https:\/\/cdlsurubim.com.br\/site\/wp-content\/uploads\/2014\/12\/diretoria-cdl-surubim-2015-2017-blog-negocios-e-informes-300x225.jpg 300w, https:\/\/cdlsurubim.com.br\/site\/wp-content\/uploads\/2014\/12\/diretoria-cdl-surubim-2015-2017-blog-negocios-e-informes-1024x768.jpg 1024w\" sizes=\"auto, (max-width: 300px) 100vw, 300px\" \/><\/a><\/p>\n<p>Tomou posse na noite de 10 de dezembro, a nova diretoria da C\u00e2mara de Dirigentes Lojistas de Surubim. A empres\u00e1ria Roberta Aguiar, assumiu a presid\u00eancia em substitui\u00e7\u00e3o ao empres\u00e1rio Carlos Eduardo N. de Albuquerque.<\/p>\n<p>A solenidade de posse aconteceu no Restaurante Ac\u00e1cia, durante um jantar de confraterniza\u00e7\u00e3o entre os diretores com os colaboradores da entidade. A nova diretoria foi eleita em vota\u00e7\u00e3o no dia 13 de novembro, onde os s\u00f3cios da CDL votaram e, por unanimidade elegeram novos empres\u00e1rios para comandar os destinos da entidade.<\/p>\n<p><strong>Nova Diretoria da CDL Surubim<\/strong><\/p>\n<p>Presidente: Roberta Keila de Aguiar e Silva Queiroz<\/p>\n<p>Vice-Presidente: Ana Maria da Silva<\/p>\n<p>2\u00ba Vice-Presidente: Eraldo Oliveira Pio Filho<\/p>\n<p>Diretor Administrativo: Daniella Cl\u00e1udia Sousa de Arruda Pio<\/p>\n<p>Vice-Diretor Administrativo: Il\u00e1rio Ant\u00f4nio do Nascimento Pio<\/p>\n<p>1\u00ba Secret\u00e1rio: Jos\u00e9 Milton Pereira J\u00fanior<\/p>\n<p>2\u00ba Secret\u00e1rio: Carlos Eduardo N\u00f3brega de Albuquerque<\/p>\n<p>Diretor de SPC: L\u00edvio Aguiar de Arruda<\/p>\n<p>Diretor de Marketing: Roberto do Nascimento Mateus<\/p>\n<p><strong>Conselho Fiscal:<\/strong><\/p>\n<p>Severino Jos\u00e9 Barbosa<\/p>\n<p>Daniel dos Santos Sales<\/p>\n<p>Irnalva Lucinda Lucena<\/p>\n<p><strong>Suplentes:<\/strong><\/p>\n<p>Nair Lucinda Lucena<\/p>\n<p>Avanilson Mariano Silva<\/p>\n<p>Fernando Barbosa de Aguiar Filho<\/p>\n<p>&nbsp;<\/p>\n","protected":false},"excerpt":{"rendered":"<p>Tomou posse na noite de 10 de dezembro, a nova diretoria da C\u00e2mara de Dirigentes Lojistas de Surubim. A empres\u00e1ria Roberta Aguiar, assumiu a presid\u00eancia em substitui\u00e7\u00e3o ao empres\u00e1rio Carlos Eduardo N. de Albuquerque. A solenidade de posse aconteceu no Restaurante Ac\u00e1cia, durante um jantar de confraterniza\u00e7\u00e3o [&hellip;]<\/p>\n","protected":false},"author":2,"featured_media":1008,"comment_status":"closed","ping_status":"open","sticky":false,"template":"","format":"standard","meta":{"footnotes":""},"categories":[4],"tags":[65,68,63,66,69,192,64,67],"class_list":["post-1007","post","type-post","status-publish","format-standard","has-post-thumbnail","hentry","category-noticias","tag-blog-negocios","tag-carlos-eduardo-nobrega-de-albuquerque","tag-diretoria-da-cdl-surubim","tag-informes-cdl-surubim","tag-luis-fernando-germano","tag-noticias","tag-posse-da-diretoria-2015-2017","tag-roberta-aguiar"],"_links":{"self":[{"href":"https:\/\/cdlsurubim.com.br\/site\/wp-json\/wp\/v2\/posts\/1007","targetHints":{"allow":["GET"]}}],"collection":[{"href":"https:\/\/cdlsurubim.com.br\/site\/wp-json\/wp\/v2\/posts"}],"about":[{"href":"https:\/\/cdlsurubim.com.br\/site\/wp-json\/wp\/v2\/types\/post"}],"author":[{"embeddable":true,"href":"https:\/\/cdlsurubim.com.br\/site\/wp-json\/wp\/v2\/users\/2"}],"replies":[{"embeddable":true,"href":"https:\/\/cdlsurubim.com.br\/site\/wp-json\/wp\/v2\/comments?post=1007"}],"version-history":[{"count":7,"href":"https:\/\/cdlsurubim.com.br\/site\/wp-json\/wp\/v2\/posts\/1007\/revisions"}],"predecessor-version":[{"id":1014,"href":"https:\/\/cdlsurubim.com.br\/site\/wp-json\/wp\/v2\/posts\/1007\/revisions\/1014"}],"wp:featuredmedia":[{"embeddable":true,"href":"https:\/\/cdlsurubim.com.br\/site\/wp-json\/wp\/v2\/media\/1008"}],"wp:attachment":[{"href":"https:\/\/cdlsurubim.com.br\/site\/wp-json\/wp\/v2\/media?parent=1007"}],"wp:term":[{"taxonomy":"category","embeddable":true,"href":"https:\/\/cdlsurubim.com.br\/site\/wp-json\/wp\/v2\/categories?post=1007"},{"taxonomy":"post_tag","embeddable":true,"href":"https:\/\/cdlsurubim.com.br\/site\/wp-json\/wp\/v2\/tags?post=1007"}],"curies":[{"name":"wp","href":"https:\/\/api.w.org\/{rel}","templated":true}]}}